{"id":76628,"date":"2012-12-17T12:55:10","date_gmt":"2012-12-17T11:55:10","guid":{"rendered":"http:\/\/www.hier-luebeck.de\/?p=76628"},"modified":"2012-12-17T13:20:31","modified_gmt":"2012-12-17T12:20:31","slug":"adventsmilonga-im-parcour","status":"publish","type":"post","link":"https:\/\/hier-luebeck.de\/index.php\/adventsmilonga-im-parcour\/","title":{"rendered":"Adventsmilonga im PARCOUR"},"content":{"rendered":"<p>am Donnerstag den 20.12.2012 tanzen wir vorweihnachtlich im Advent von 19.30 h &#8211; 22.00 h. Es gibt Gl\u00fchwein und Weihnachtstee, der Abend wird weihnachtlich dekoriert und musikalisch untermalt von Thasmo.<!--more-->Wer m\u00f6chte kann den Abend zus\u00e4tzlich bereichern durch Tannenzweige, Kerzen und Kekse und sich au\u00dferdem festlich ausstatten. F\u00fcr die M\u00e4nner schlagen wir rote Bekleidung von Kopf bis Fu\u00df vor, f\u00fcr die Frauen weihnachtsbaumliche, blinkende Dekorationen, Lametta, Rentiergeweihe&#8230;&#8230;&#8230;&#8230;&#8230;&#8230;&#8230;&#8230;.<\/p>\n<p>Danach ist dann Winterpause bis zum 6.1.2013, da gehts dann wieder weiter mit dem Tangocafe, am 10.1. mit After Work Tango. Am 17.1. tanzt die Hansemieze wieder in der Hanseatendiele.<\/p>\n","protected":false},"excerpt":{"rendered":"<p>am Donnerstag den 20.12.2012 tanzen wir vorweihnachtlich im Advent von 19.30 h &#8211; 22.00 h. Es gibt Gl\u00fchwein und Weihnachtstee,<\/p>\n","protected":false},"author":3,"featured_media":0,"comment_status":"open","ping_status":"open","sticky":false,"template":"","format":"standard","meta":{"colormag_page_container_layout":"default_layout","colormag_page_sidebar_layout":"default_layout","footnotes":""},"categories":[13],"tags":[9521],"class_list":["post-76628","post","type-post","status-publish","format-standard","hentry","category-veranstaltungen","tag-adventsmilonga-im-parcour"],"_links":{"self":[{"href":"https:\/\/hier-luebeck.de\/index.php\/wp-json\/wp\/v2\/posts\/76628","targetHints":{"allow":["GET"]}}],"collection":[{"href":"https:\/\/hier-luebeck.de\/index.php\/wp-json\/wp\/v2\/posts"}],"about":[{"href":"https:\/\/hier-luebeck.de\/index.php\/wp-json\/wp\/v2\/types\/post"}],"author":[{"embeddable":true,"href":"https:\/\/hier-luebeck.de\/index.php\/wp-json\/wp\/v2\/users\/3"}],"replies":[{"embeddable":true,"href":"https:\/\/hier-luebeck.de\/index.php\/wp-json\/wp\/v2\/comments?post=76628"}],"version-history":[{"count":3,"href":"https:\/\/hier-luebeck.de\/index.php\/wp-json\/wp\/v2\/posts\/76628\/revisions"}],"predecessor-version":[{"id":76648,"href":"https:\/\/hier-luebeck.de\/index.php\/wp-json\/wp\/v2\/posts\/76628\/revisions\/76648"}],"wp:attachment":[{"href":"https:\/\/hier-luebeck.de\/index.php\/wp-json\/wp\/v2\/media?parent=76628"}],"wp:term":[{"taxonomy":"category","embeddable":true,"href":"https:\/\/hier-luebeck.de\/index.php\/wp-json\/wp\/v2\/categories?post=76628"},{"taxonomy":"post_tag","embeddable":true,"href":"https:\/\/hier-luebeck.de\/index.php\/wp-json\/wp\/v2\/tags?post=76628"}],"curies":[{"name":"wp","href":"https:\/\/api.w.org\/{rel}","templated":true}]}}