{"id":76631,"date":"2012-12-17T13:02:34","date_gmt":"2012-12-17T12:02:34","guid":{"rendered":"http:\/\/www.hier-luebeck.de\/?p=76631"},"modified":"2012-12-17T13:02:35","modified_gmt":"2012-12-17T12:02:35","slug":"pol-hl-hl-innenstadt-breite-strase-zwei-vitrinen-aufgebrochen-besteck-gestohlen","status":"publish","type":"post","link":"https:\/\/hier-luebeck.de\/index.php\/pol-hl-hl-innenstadt-breite-strase-zwei-vitrinen-aufgebrochen-besteck-gestohlen\/","title":{"rendered":"POL-HL: HL &#8211; Innenstadt &#8211; Breite Stra\u00dfe \/ Zwei Vitrinen aufgebrochen &#8211; Besteck gestohlen"},"content":{"rendered":"<p><a href=\"http:\/\/www.tbf-presseagentur.de\/cgi-bin\/thumbpage\/thumbpage.cgi?luebeck\/today\/12Dezember12\/bilder\/Vitrinen\" target=\"_blank\"><strong><span style=\"color: red;\">\u201cZum Bilderbogen\u201d <\/span><\/strong><\/a><\/p>\n<p><strong><a href=\"http:\/\/www.hier-luebeck.de\/2012\/12\/pol-hl-hl-innenstadt-breite-strase-zwei-vitrinen-aufgebrochen-besteck-gestohlen\/vitrine-5a\/\" rel=\"attachment wp-att-76635\"><img loading=\"lazy\" decoding=\"async\" class=\"alignleft size-full wp-image-76635\" title=\"Vitrine 5a\" src=\"http:\/\/www.hier-luebeck.de\/wp-content\/uploads\/2012\/12\/Vitrine-5a.jpg\" alt=\"\" width=\"520\" height=\"390\" srcset=\"https:\/\/hier-luebeck.de\/wp-content\/uploads\/2012\/12\/Vitrine-5a.jpg 520w, https:\/\/hier-luebeck.de\/wp-content\/uploads\/2012\/12\/Vitrine-5a-320x240.jpg 320w, https:\/\/hier-luebeck.de\/wp-content\/uploads\/2012\/12\/Vitrine-5a-453x340.jpg 453w\" sizes=\"auto, (max-width: 520px) 100vw, 520px\" \/><\/a>Fotos: TBF\/Holger Kr\u00f6ger<\/strong> &#8211; L\u00fcbeck (ots) &#8211; In der Nacht zum Donnerstag, 13.12.2012, wurden in der Breiten Stra\u00dfe zwei Au\u00dfenvitrinen eines Juweliergesch\u00e4fts aufgebrochen und Besteckteile entwendet. Mitarbeiter eines Sicherheitsdienstes hatten festgestellt, dass zwei Ausstellungsvitrinen an der Au\u00dfenseite eines Juweliers aufgebrochen und Gegenst\u00e4nde entwendet worden waren. Die Tatzeit lag zwischen 03.20 Uhr und 03.52 Uhr.<!--more-->Insgesamt wurden zirka 50 versilberte Besteckteile entwendet, die einen Gesamtwert von etwa 1.700 Euro haben.<\/p>\n<p>Folgende Musterbestecke oder Teile davon wurden entwendet: 1. Alta 2. Alt-Cippendale 3. Alt-Spaten 4. Art Deco 5. Belvedere 6. Classic-Faden 7. Dante 8. Martel\u00e9 9. Navette 10. Riva 11. Sphinx 12. Alt-Faden<\/p>\n<p>Das 1. Polizeirevier L\u00fcbeck ermittelt in dem Fall und hat folgende Fragen: Wer kann T\u00e4terhinweise geben? Wer kann Angaben zum Verbleib des Bestecks machen? Hinweise werden unter der Telefonnummer 0451-1310 entgegen genommen.<\/p>\n","protected":false},"excerpt":{"rendered":"<p>\u201cZum Bilderbogen\u201d Fotos: TBF\/Holger Kr\u00f6ger &#8211; L\u00fcbeck (ots) &#8211; In der Nacht zum Donnerstag, 13.12.2012, wurden in der Breiten Stra\u00dfe<\/p>\n","protected":false},"author":3,"featured_media":76635,"comment_status":"open","ping_status":"open","sticky":false,"template":"","format":"standard","meta":{"colormag_page_container_layout":"default_layout","colormag_page_sidebar_layout":"default_layout","footnotes":""},"categories":[20],"tags":[9522],"class_list":["post-76631","post","type-post","status-publish","format-standard","has-post-thumbnail","hentry","category-besondere-neuigkeiten","tag-pol-hl-hl-innenstadt-breite-strase-zwei-vitrinen-aufgebrochen-besteck-gestohlen"],"_links":{"self":[{"href":"https:\/\/hier-luebeck.de\/index.php\/wp-json\/wp\/v2\/posts\/76631","targetHints":{"allow":["GET"]}}],"collection":[{"href":"https:\/\/hier-luebeck.de\/index.php\/wp-json\/wp\/v2\/posts"}],"about":[{"href":"https:\/\/hier-luebeck.de\/index.php\/wp-json\/wp\/v2\/types\/post"}],"author":[{"embeddable":true,"href":"https:\/\/hier-luebeck.de\/index.php\/wp-json\/wp\/v2\/users\/3"}],"replies":[{"embeddable":true,"href":"https:\/\/hier-luebeck.de\/index.php\/wp-json\/wp\/v2\/comments?post=76631"}],"version-history":[{"count":3,"href":"https:\/\/hier-luebeck.de\/index.php\/wp-json\/wp\/v2\/posts\/76631\/revisions"}],"predecessor-version":[{"id":76661,"href":"https:\/\/hier-luebeck.de\/index.php\/wp-json\/wp\/v2\/posts\/76631\/revisions\/76661"}],"wp:featuredmedia":[{"embeddable":true,"href":"https:\/\/hier-luebeck.de\/index.php\/wp-json\/wp\/v2\/media\/76635"}],"wp:attachment":[{"href":"https:\/\/hier-luebeck.de\/index.php\/wp-json\/wp\/v2\/media?parent=76631"}],"wp:term":[{"taxonomy":"category","embeddable":true,"href":"https:\/\/hier-luebeck.de\/index.php\/wp-json\/wp\/v2\/categories?post=76631"},{"taxonomy":"post_tag","embeddable":true,"href":"https:\/\/hier-luebeck.de\/index.php\/wp-json\/wp\/v2\/tags?post=76631"}],"curies":[{"name":"wp","href":"https:\/\/api.w.org\/{rel}","templated":true}]}}