{"id":77046,"date":"2012-12-25T18:17:16","date_gmt":"2012-12-25T17:17:16","guid":{"rendered":"http:\/\/www.hier-luebeck.de\/?p=77046"},"modified":"2012-12-26T13:06:39","modified_gmt":"2012-12-26T12:06:39","slug":"lkw-unfall-a226-lubeck","status":"publish","type":"post","link":"https:\/\/hier-luebeck.de\/index.php\/lkw-unfall-a226-lubeck\/","title":{"rendered":"LKW Unfall  A226 L\u00fcbeck"},"content":{"rendered":"<p><a href=\"http:\/\/www.tbf-presseagentur.de\/cgi-bin\/thumbpage\/thumbpage.cgi?luebeck\/today\/12Dezember12\/bilder\/LKW-Unfall-A226-Luebeck\" target=\"_blank\"><strong><span style=\"color: red;\">\u201cZum Bilderbogen\u201d <\/span><\/strong><\/a><\/p>\n<p><strong><a href=\"http:\/\/www.hier-luebeck.de\/2012\/12\/lkw-unfall-a226-lubeck\/unfall-a-226-031\/\" rel=\"attachment wp-att-77047\"><img loading=\"lazy\" decoding=\"async\" class=\"alignright size-medium wp-image-77047\" title=\"Unfall A 226 031\" src=\"http:\/\/www.hier-luebeck.de\/wp-content\/uploads\/2012\/12\/Unfall-A-226-031-320x212.jpg\" alt=\"\" width=\"320\" height=\"212\" srcset=\"https:\/\/hier-luebeck.de\/wp-content\/uploads\/2012\/12\/Unfall-A-226-031-320x212.jpg 320w, https:\/\/hier-luebeck.de\/wp-content\/uploads\/2012\/12\/Unfall-A-226-031-512x340.jpg 512w, https:\/\/hier-luebeck.de\/wp-content\/uploads\/2012\/12\/Unfall-A-226-031.jpg 550w\" sizes=\"auto, (max-width: 320px) 100vw, 320px\" \/><\/a>Fotos: TBF\/Holger Kr\u00f6ger<\/strong> &#8211; Zu zwei LKW Unf\u00e4llen\u00a0 auf der A226, H\u00f6he L\u00fcbeck, kam es gegen Mittag des gestrigen Heiligen Abend. Ein 40-Tonner und ein LKW mit Anh\u00e4nger kamen auf sehr glatter Stra\u00dfe von der Fahrbahn ab und rutschten in den Graben. Verletzt wurde niemand. Die Aufr\u00e4umarbeiten dauerten Stunden.<!--more--><strong> Am fr\u00fchen Morgen des Heiligabend geriet ein voll beladener Lastzug auf der A 226 in Richtung Travem\u00fcnde kurz nach der Abfahrt von der A 1 auf spiegelglatter Fahrbahn ins Schleudern.\u00a0 <\/strong>Dabei konnte der Fahrer den LKW nicht mehr unter Kontrolle bringen, der Anh\u00e4nger st\u00fcrzte um und wurde stark besch\u00e4digt. Ein vollbeladener Sattelzug aus Spanien kam beim Versuch, dem Anh\u00e4nger auszuweichen, ins Rutschen und kippte seitlich in den Stra\u00dfengraben.<\/p>\n<p>W\u00e4hrend der Bergung beider Fahrzeuge war die Autobahn in Richtung Travem\u00fcnde zwischen dem Kreuz Bad Schwartau und der Abfahrt D\u00e4nischburg voll gesperrt. Der Schaden am Anh\u00e4nger, der mit frischem Obst und Gem\u00fcse beladen war, betr\u00e4gt gesch\u00e4tzte 15.000 Euro. Beim spanischen Sattelzug sind kaum Sch\u00e4den zu verzeichnen. Die beiden Fahrer der LKWs blieben unverletzt.<\/p>\n","protected":false},"excerpt":{"rendered":"<p>\u201cZum Bilderbogen\u201d Fotos: TBF\/Holger Kr\u00f6ger &#8211; Zu zwei LKW Unf\u00e4llen\u00a0 auf der A226, H\u00f6he L\u00fcbeck, kam es gegen Mittag des<\/p>\n","protected":false},"author":3,"featured_media":77047,"comment_status":"open","ping_status":"open","sticky":false,"template":"","format":"standard","meta":{"colormag_page_container_layout":"default_layout","colormag_page_sidebar_layout":"default_layout","footnotes":""},"categories":[10],"tags":[9613],"class_list":["post-77046","post","type-post","status-publish","format-standard","has-post-thumbnail","hentry","category-lubeck-lupe","tag-lkw-unfall-a226-lubeck"],"_links":{"self":[{"href":"https:\/\/hier-luebeck.de\/index.php\/wp-json\/wp\/v2\/posts\/77046","targetHints":{"allow":["GET"]}}],"collection":[{"href":"https:\/\/hier-luebeck.de\/index.php\/wp-json\/wp\/v2\/posts"}],"about":[{"href":"https:\/\/hier-luebeck.de\/index.php\/wp-json\/wp\/v2\/types\/post"}],"author":[{"embeddable":true,"href":"https:\/\/hier-luebeck.de\/index.php\/wp-json\/wp\/v2\/users\/3"}],"replies":[{"embeddable":true,"href":"https:\/\/hier-luebeck.de\/index.php\/wp-json\/wp\/v2\/comments?post=77046"}],"version-history":[{"count":4,"href":"https:\/\/hier-luebeck.de\/index.php\/wp-json\/wp\/v2\/posts\/77046\/revisions"}],"predecessor-version":[{"id":77050,"href":"https:\/\/hier-luebeck.de\/index.php\/wp-json\/wp\/v2\/posts\/77046\/revisions\/77050"}],"wp:featuredmedia":[{"embeddable":true,"href":"https:\/\/hier-luebeck.de\/index.php\/wp-json\/wp\/v2\/media\/77047"}],"wp:attachment":[{"href":"https:\/\/hier-luebeck.de\/index.php\/wp-json\/wp\/v2\/media?parent=77046"}],"wp:term":[{"taxonomy":"category","embeddable":true,"href":"https:\/\/hier-luebeck.de\/index.php\/wp-json\/wp\/v2\/categories?post=77046"},{"taxonomy":"post_tag","embeddable":true,"href":"https:\/\/hier-luebeck.de\/index.php\/wp-json\/wp\/v2\/tags?post=77046"}],"curies":[{"name":"wp","href":"https:\/\/api.w.org\/{rel}","templated":true}]}}