{"id":77077,"date":"2012-12-25T14:36:59","date_gmt":"2012-12-25T13:36:59","guid":{"rendered":"http:\/\/www.hier-luebeck.de\/?p=77077"},"modified":"2012-12-26T14:45:54","modified_gmt":"2012-12-26T13:45:54","slug":"weihnachtsbaum-stand-nur-bis-heiligen-abend","status":"publish","type":"post","link":"https:\/\/hier-luebeck.de\/index.php\/weihnachtsbaum-stand-nur-bis-heiligen-abend\/","title":{"rendered":"Weihnachtsbaum stand nur bis Heiligen Abend"},"content":{"rendered":"<p><a href=\"http:\/\/www.tbf-presseagentur.de\/cgi-bin\/thumbpage\/thumbpage.cgi?luebeck\/today\/12Dezember12\/bilder\/Weihnachtsbaum\" target=\"_blank\"><strong><span style=\"color: red;\">\u201cZum Bilderbogen\u201d <\/span><\/strong><\/a><\/p>\n<p><strong><a href=\"http:\/\/www.hier-luebeck.de\/2012\/12\/weihnachtsbaum-stand-nur-bis-heiligen-abend\/weihnachtsbaum-002\/\" rel=\"attachment wp-att-77078\"><img loading=\"lazy\" decoding=\"async\" class=\"alignright size-medium wp-image-77078\" title=\"Weihnachtsbaum 002\" src=\"http:\/\/www.hier-luebeck.de\/wp-content\/uploads\/2012\/12\/Weihnachtsbaum-002-320x240.jpg\" alt=\"\" width=\"320\" height=\"240\" srcset=\"https:\/\/hier-luebeck.de\/wp-content\/uploads\/2012\/12\/Weihnachtsbaum-002-320x240.jpg 320w, https:\/\/hier-luebeck.de\/wp-content\/uploads\/2012\/12\/Weihnachtsbaum-002-452x340.jpg 452w, https:\/\/hier-luebeck.de\/wp-content\/uploads\/2012\/12\/Weihnachtsbaum-002.jpg 550w\" sizes=\"auto, (max-width: 320px) 100vw, 320px\" \/><\/a>Fotos: TBF\/Holger Kr\u00f6ger<\/strong> &#8211; In der Nacht zum ersten Weihnachtsfeiertag lag der riesige Tannenbaum mit einem Mal der L\u00e4nge nach auf der gr\u00fcnen Wiese vor der Kirche in K\u00fccknitz. Warum der Baum umfiel, ist nicht bekannt. Erst dachte man, dass unchristliches Verhalten der Grund f\u00fcr den Umsturz war. Doch dann war die L\u00f6sung des &#8222;Unfalls&#8220; da: \u201eDer Baum war wohl zu gro\u00df f\u00fcr die Halterung\u201c, so Georg Sewe, Vorsitzender des Gemeinn\u00fctzigen Vereins K\u00fccknitz.<!--more--> Zehn Meter lang ist die Fichte, die der Verein dort aufgestellt hatte. Eine Windb\u00f6e pustete in der Nacht den Tannenbaum um. \u201eImmerhin hat er bis Weihnachten durchgehalten\u201c, so Sewe. neu aufgestellt wird der Baum aber nicht.<\/p>\n","protected":false},"excerpt":{"rendered":"<p>\u201cZum Bilderbogen\u201d Fotos: TBF\/Holger Kr\u00f6ger &#8211; In der Nacht zum ersten Weihnachtsfeiertag lag der riesige Tannenbaum mit einem Mal der<\/p>\n","protected":false},"author":3,"featured_media":77078,"comment_status":"open","ping_status":"open","sticky":false,"template":"","format":"standard","meta":{"colormag_page_container_layout":"default_layout","colormag_page_sidebar_layout":"default_layout","footnotes":""},"categories":[5],"tags":[9615],"class_list":["post-77077","post","type-post","status-publish","format-standard","has-post-thumbnail","hentry","category-politik-wirtschaft","tag-weihnachtsbaum-stand-nur-bis-heiligen-abend"],"_links":{"self":[{"href":"https:\/\/hier-luebeck.de\/index.php\/wp-json\/wp\/v2\/posts\/77077","targetHints":{"allow":["GET"]}}],"collection":[{"href":"https:\/\/hier-luebeck.de\/index.php\/wp-json\/wp\/v2\/posts"}],"about":[{"href":"https:\/\/hier-luebeck.de\/index.php\/wp-json\/wp\/v2\/types\/post"}],"author":[{"embeddable":true,"href":"https:\/\/hier-luebeck.de\/index.php\/wp-json\/wp\/v2\/users\/3"}],"replies":[{"embeddable":true,"href":"https:\/\/hier-luebeck.de\/index.php\/wp-json\/wp\/v2\/comments?post=77077"}],"version-history":[{"count":2,"href":"https:\/\/hier-luebeck.de\/index.php\/wp-json\/wp\/v2\/posts\/77077\/revisions"}],"predecessor-version":[{"id":77080,"href":"https:\/\/hier-luebeck.de\/index.php\/wp-json\/wp\/v2\/posts\/77077\/revisions\/77080"}],"wp:featuredmedia":[{"embeddable":true,"href":"https:\/\/hier-luebeck.de\/index.php\/wp-json\/wp\/v2\/media\/77078"}],"wp:attachment":[{"href":"https:\/\/hier-luebeck.de\/index.php\/wp-json\/wp\/v2\/media?parent=77077"}],"wp:term":[{"taxonomy":"category","embeddable":true,"href":"https:\/\/hier-luebeck.de\/index.php\/wp-json\/wp\/v2\/categories?post=77077"},{"taxonomy":"post_tag","embeddable":true,"href":"https:\/\/hier-luebeck.de\/index.php\/wp-json\/wp\/v2\/tags?post=77077"}],"curies":[{"name":"wp","href":"https:\/\/api.w.org\/{rel}","templated":true}]}}