{"id":7756,"date":"2009-01-16T14:42:57","date_gmt":"2009-01-16T14:42:57","guid":{"rendered":"http:\/\/testserver\/wordpress\/?p=7656"},"modified":"2009-01-16T14:42:57","modified_gmt":"2009-01-16T14:42:57","slug":"men__la_buddenbrooks_mit_rezitation","status":"publish","type":"post","link":"https:\/\/hier-luebeck.de\/index.php\/men__la_buddenbrooks_mit_rezitation\/","title":{"rendered":"Men\u00fc \u00e0 la Buddenbrooks mit Rezitation"},"content":{"rendered":"<p><img decoding=\"async\" title=\"Buddenbrookhaus\" src=\"http:\/\/www.hier-luebeck.de\/images\/topics\/Buddenbrookhaus.jpg\" alt=\"Buddenbrookhaus\" \/><br \/>\nL\u00fcbecker Buddenbrookhaus serviert am Freitag, 13. Februar, erlesene Speisen<br \/>\nFeine Kr\u00e4uterschaumsuppe, Lachs auf Blattspinat, Schweineschinken an Schalottensauce, dazu bunter Kartoffel- und Gem\u00fcseauflauf, anschlie\u00dfend Plettenpudding, K\u00e4se und Fr\u00fcchte &#8211; so wurden schon die Buddenbrooks verw\u00f6hnt. <!--more-->Wer das Romanmen\u00fc genie\u00dfen und dabei Szenen aus dem preisgekr\u00f6nten Werk von Thomas Mann h\u00f6ren m\u00f6chte, sollte sich Freitag, den 13. Februar 2009 vormerken: Im L\u00fcbecker Buddenbrookhaus wird um 18.30 Uhr das &#8222;Men\u00fc \u00e0 la Buddenbrooks&#8220; serviert, zubereitet vom Hotel Scandic in L\u00fcbeck. Der Rezitator Jan Bovensiepen liest ausgew\u00e4hlte Szenen vor.<br \/>\nDer Preis f\u00fcr den au\u00dfergew\u00f6hnlichen kulinarischen Abend im Gew\u00f6lbekeller betr\u00e4gt 59 Euro pro Person, inklusive korrespondierender Getr\u00e4nke. Anmeldungen sind m\u00f6glich bis zum 2. Februar 2009 unter der Telefon (0451) 122 41 90.<\/p>\n","protected":false},"excerpt":{"rendered":"<p>L\u00fcbecker Buddenbrookhaus serviert am Freitag, 13. Februar, erlesene Speisen Feine Kr\u00e4uterschaumsuppe, Lachs auf Blattspinat, Schweineschinken an Schalottensauce, dazu bunter Kartoffel-<\/p>\n","protected":false},"author":3,"featured_media":0,"comment_status":"open","ping_status":"open","sticky":false,"template":"","format":"standard","meta":{"colormag_page_container_layout":"default_layout","colormag_page_sidebar_layout":"default_layout","footnotes":""},"categories":[13],"tags":[],"class_list":["post-7756","post","type-post","status-publish","format-standard","hentry","category-veranstaltungen"],"_links":{"self":[{"href":"https:\/\/hier-luebeck.de\/index.php\/wp-json\/wp\/v2\/posts\/7756","targetHints":{"allow":["GET"]}}],"collection":[{"href":"https:\/\/hier-luebeck.de\/index.php\/wp-json\/wp\/v2\/posts"}],"about":[{"href":"https:\/\/hier-luebeck.de\/index.php\/wp-json\/wp\/v2\/types\/post"}],"author":[{"embeddable":true,"href":"https:\/\/hier-luebeck.de\/index.php\/wp-json\/wp\/v2\/users\/3"}],"replies":[{"embeddable":true,"href":"https:\/\/hier-luebeck.de\/index.php\/wp-json\/wp\/v2\/comments?post=7756"}],"version-history":[{"count":0,"href":"https:\/\/hier-luebeck.de\/index.php\/wp-json\/wp\/v2\/posts\/7756\/revisions"}],"wp:attachment":[{"href":"https:\/\/hier-luebeck.de\/index.php\/wp-json\/wp\/v2\/media?parent=7756"}],"wp:term":[{"taxonomy":"category","embeddable":true,"href":"https:\/\/hier-luebeck.de\/index.php\/wp-json\/wp\/v2\/categories?post=7756"},{"taxonomy":"post_tag","embeddable":true,"href":"https:\/\/hier-luebeck.de\/index.php\/wp-json\/wp\/v2\/tags?post=7756"}],"curies":[{"name":"wp","href":"https:\/\/api.w.org\/{rel}","templated":true}]}}