{"id":7827,"date":"2009-01-27T11:44:25","date_gmt":"2009-01-27T11:44:25","guid":{"rendered":"http:\/\/testserver\/wordpress\/?p=7727"},"modified":"2009-01-27T11:44:25","modified_gmt":"2009-01-27T11:44:25","slug":"holztrger_ber_g1_restaurationsmodelle_werden_geprft","status":"publish","type":"post","link":"https:\/\/hier-luebeck.de\/index.php\/holztrger_ber_g1_restaurationsmodelle_werden_geprft\/","title":{"rendered":"Holztr\u00e4ger \u00fcber G1: Restaurationsmodelle werden gepr\u00fcft"},"content":{"rendered":"<p><img decoding=\"async\" title=\"VfBLogo\" src=\"http:\/\/www.hier-luebeck.de\/images\/topics\/VfBLogo.jpg\" alt=\"VfBLogo\" \/><br \/>\n27.01.2009. Ende November 2008 mussten die Verantwortlichen des VfB L\u00fcbeck den Block G1 sperren. Begr\u00fcndet war diese Ma\u00dfnahme in einem Holzschaden, der im Tr\u00e4ger \u00fcber dem Block festgestellt worden war und somit die Sicherheit der Fans, die sich w\u00e4hrend unserer Spiele im G1 aufhalten, gef\u00e4hrdet.  <!--more-->Kurz vor Weihnachten wurde der Holztr\u00e4ger von einem vereidigten Sachverst\u00e4ndigen f\u00fcr Holz-und Bautenschutz aus Hamburg begutachtet. Der Sachverst\u00e4ndige stellte fest, dass das Holz durch die zunehmende Anzahl der Fruchtk\u00f6rper der holzzerst\u00f6renden Pilze st\u00e4rkere Sch\u00e4digungen aufweist.  <\/p>\n<p>Derzeit gibt es verschiedene Modelle zur Restauration, die derzeit sowohl finanziell als auch statisch gepr\u00fcft werden m\u00fcssen. Weitere Informationen folgen zeitnah.<\/p>\n","protected":false},"excerpt":{"rendered":"<p>27.01.2009. Ende November 2008 mussten die Verantwortlichen des VfB L\u00fcbeck den Block G1 sperren. Begr\u00fcndet war diese Ma\u00dfnahme in einem<\/p>\n","protected":false},"author":3,"featured_media":0,"comment_status":"open","ping_status":"open","sticky":false,"template":"","format":"standard","meta":{"colormag_page_container_layout":"default_layout","colormag_page_sidebar_layout":"default_layout","footnotes":""},"categories":[5],"tags":[],"class_list":["post-7827","post","type-post","status-publish","format-standard","hentry","category-politik-wirtschaft"],"_links":{"self":[{"href":"https:\/\/hier-luebeck.de\/index.php\/wp-json\/wp\/v2\/posts\/7827","targetHints":{"allow":["GET"]}}],"collection":[{"href":"https:\/\/hier-luebeck.de\/index.php\/wp-json\/wp\/v2\/posts"}],"about":[{"href":"https:\/\/hier-luebeck.de\/index.php\/wp-json\/wp\/v2\/types\/post"}],"author":[{"embeddable":true,"href":"https:\/\/hier-luebeck.de\/index.php\/wp-json\/wp\/v2\/users\/3"}],"replies":[{"embeddable":true,"href":"https:\/\/hier-luebeck.de\/index.php\/wp-json\/wp\/v2\/comments?post=7827"}],"version-history":[{"count":0,"href":"https:\/\/hier-luebeck.de\/index.php\/wp-json\/wp\/v2\/posts\/7827\/revisions"}],"wp:attachment":[{"href":"https:\/\/hier-luebeck.de\/index.php\/wp-json\/wp\/v2\/media?parent=7827"}],"wp:term":[{"taxonomy":"category","embeddable":true,"href":"https:\/\/hier-luebeck.de\/index.php\/wp-json\/wp\/v2\/categories?post=7827"},{"taxonomy":"post_tag","embeddable":true,"href":"https:\/\/hier-luebeck.de\/index.php\/wp-json\/wp\/v2\/tags?post=7827"}],"curies":[{"name":"wp","href":"https:\/\/api.w.org\/{rel}","templated":true}]}}