{"id":7833,"date":"2009-01-28T14:15:05","date_gmt":"2009-01-28T14:15:05","guid":{"rendered":"http:\/\/testserver\/wordpress\/?p=7733"},"modified":"2009-01-28T14:15:05","modified_gmt":"2009-01-28T14:15:05","slug":"grne_auch_in_sozialen_netzwerken_muss_es_privatsphre_geben","status":"publish","type":"post","link":"https:\/\/hier-luebeck.de\/index.php\/grne_auch_in_sozialen_netzwerken_muss_es_privatsphre_geben\/","title":{"rendered":"Gr\u00fcne: Auch in sozialen Netzwerken muss es Privatsph\u00e4re geben!"},"content":{"rendered":"<p><img decoding=\"async\" title=\"gruene_logo\" src=\"http:\/\/www.hier-luebeck.de\/images\/topics\/gruene_logo.gif\" alt=\"gruene_logo\" \/><br \/>\nZum heutigen Europ\u00e4ischen Datenschutztag und den Datenschutzgefahren, die vor allem von sozialen Netzwerken im Internet ausgehen, erkl\u00e4ren Grietje Staffelt, medienpolitische Sprecherin, und Kai Gehring, jugendpolitischer Sprecher:<!--more-->Wer sich in sozialen Netzwerken bewegt, kann derzeit leider nicht erwarten, dass dort Datenschutz eingehalten und die Privatsph\u00e4re der Mitglieder gesch\u00fctzt wird. Wir fordern die Bundesregierung zum wiederholten Male auf, das Bundesdatenschutzgesetz endlich umfassend zu modernisieren.<\/p>\n<p>Dazu geh\u00f6rt zum Beispiel, dass Anbieter sozialer Netzwerke ohne die vorherige Zustimmung der Nutzerinnen und Nutzer keine personenbezogenen Daten zu Werbezwecken verwenden oder gar an die Werbewirtschaft verkaufen d\u00fcrfen. Au\u00dferdem soll<br \/>\njede Datenverwendung protokolliert und auf Wunsch der Nutzerinnen und Nutzer offengelegt werden.<\/p>\n<p>Von den Anbietern erwarten wir eine effektive Selbstverpflichtungserkl\u00e4rung. Identit\u00e4tsdiebstahl, Mobbing oder die Verletzung des Rechts am eigenen Bild in sozialen Netzwerken sind keine Kavaliersdelikte. Hier m\u00fcssen die Anbieter ihrer Verpflichtung nachkommen und klare Regeln schaffen. <\/p>\n<p>Entsprechende Vorf\u00e4lle m\u00fcssen gr\u00fcndlich gepr\u00fcft und z\u00fcgig darauf reagiert werden.<\/p>\n<p>Die gr\u00fcne Bundestagsfraktion hat gestern einen entsprechenden Antrag (&#8222;Privatsph\u00e4re in sozialen Netzwerken sch\u00fctzen &#8211; Anbieter in die Pflicht nehmen&#8220;) beschlossen.<\/p>\n","protected":false},"excerpt":{"rendered":"<p>Zum heutigen Europ\u00e4ischen Datenschutztag und den Datenschutzgefahren, die vor allem von sozialen Netzwerken im Internet ausgehen, erkl\u00e4ren Grietje Staffelt, medienpolitische<\/p>\n","protected":false},"author":3,"featured_media":0,"comment_status":"open","ping_status":"open","sticky":false,"template":"","format":"standard","meta":{"colormag_page_container_layout":"default_layout","colormag_page_sidebar_layout":"default_layout","footnotes":""},"categories":[5],"tags":[],"class_list":["post-7833","post","type-post","status-publish","format-standard","hentry","category-politik-wirtschaft"],"_links":{"self":[{"href":"https:\/\/hier-luebeck.de\/index.php\/wp-json\/wp\/v2\/posts\/7833","targetHints":{"allow":["GET"]}}],"collection":[{"href":"https:\/\/hier-luebeck.de\/index.php\/wp-json\/wp\/v2\/posts"}],"about":[{"href":"https:\/\/hier-luebeck.de\/index.php\/wp-json\/wp\/v2\/types\/post"}],"author":[{"embeddable":true,"href":"https:\/\/hier-luebeck.de\/index.php\/wp-json\/wp\/v2\/users\/3"}],"replies":[{"embeddable":true,"href":"https:\/\/hier-luebeck.de\/index.php\/wp-json\/wp\/v2\/comments?post=7833"}],"version-history":[{"count":0,"href":"https:\/\/hier-luebeck.de\/index.php\/wp-json\/wp\/v2\/posts\/7833\/revisions"}],"wp:attachment":[{"href":"https:\/\/hier-luebeck.de\/index.php\/wp-json\/wp\/v2\/media?parent=7833"}],"wp:term":[{"taxonomy":"category","embeddable":true,"href":"https:\/\/hier-luebeck.de\/index.php\/wp-json\/wp\/v2\/categories?post=7833"},{"taxonomy":"post_tag","embeddable":true,"href":"https:\/\/hier-luebeck.de\/index.php\/wp-json\/wp\/v2\/tags?post=7833"}],"curies":[{"name":"wp","href":"https:\/\/api.w.org\/{rel}","templated":true}]}}