{"id":7866,"date":"2009-02-05T17:38:06","date_gmt":"2009-02-05T17:38:06","guid":{"rendered":"http:\/\/testserver\/wordpress\/?p=7766"},"modified":"2009-02-05T17:38:06","modified_gmt":"2009-02-05T17:38:06","slug":"bilderbuchkino_ich_kann_das_auch","status":"publish","type":"post","link":"https:\/\/hier-luebeck.de\/index.php\/bilderbuchkino_ich_kann_das_auch\/","title":{"rendered":"Bilderbuchkino: Ich kann das auch!"},"content":{"rendered":"<p><img decoding=\"async\" title=\"Stadtbibliothek\" src=\"http:\/\/www.hier-luebeck.de\/images\/topics\/Stadtbibliothek.jpg\" alt=\"Stadtbibliothek\" \/><br \/>\nVier- bis Siebenj\u00e4hrige treffen sich am 12. Februar in der Stadtbibliothek<br \/>\nDie Stadtbibliothek L\u00fcbeck, Hundestra\u00dfe 5-17, l\u00e4dt wieder zum Bilderbuchkino ein. Am Donnerstag, 12. Februar, um 16 Uhr, k\u00f6nnen Kinder von vier bis sieben Jahren drei Geschichten vom K\u00f6nnen und Wissen h\u00f6ren und die Bilder dazu auf einer gro\u00dfen Leinwand sehen.<\/p>\n<p><!--more-->Inhalt: Erwachsene k\u00f6nnen so gemein sein: Bei Arbeiten, die nicht wichtig sind, lassen sie Kinder helfen; jedoch, wenn es auf das Gelingen ankommt, hei\u00dft es: &#8222;Du bist noch zu klein&#8220;. Das will sich Olga nicht mehr l\u00e4nger bieten lassen. Sie ist sich sicher, dass sie ihr Kinderzimmer allein streichen kann.<br \/>\nDie Dauer der Veranstaltung betr\u00e4gt 30 bis 40 Minuten. Der Eintritt ist frei. Weitere Informationen sind unter der Rufnummer (0451) 122-4115 erh\u00e4ltlich.<\/p>\n","protected":false},"excerpt":{"rendered":"<p>Vier- bis Siebenj\u00e4hrige treffen sich am 12. Februar in der Stadtbibliothek Die Stadtbibliothek L\u00fcbeck, Hundestra\u00dfe 5-17, l\u00e4dt wieder zum Bilderbuchkino<\/p>\n","protected":false},"author":3,"featured_media":0,"comment_status":"open","ping_status":"open","sticky":false,"template":"","format":"standard","meta":{"colormag_page_container_layout":"default_layout","colormag_page_sidebar_layout":"default_layout","footnotes":""},"categories":[13],"tags":[],"class_list":["post-7866","post","type-post","status-publish","format-standard","hentry","category-veranstaltungen"],"_links":{"self":[{"href":"https:\/\/hier-luebeck.de\/index.php\/wp-json\/wp\/v2\/posts\/7866","targetHints":{"allow":["GET"]}}],"collection":[{"href":"https:\/\/hier-luebeck.de\/index.php\/wp-json\/wp\/v2\/posts"}],"about":[{"href":"https:\/\/hier-luebeck.de\/index.php\/wp-json\/wp\/v2\/types\/post"}],"author":[{"embeddable":true,"href":"https:\/\/hier-luebeck.de\/index.php\/wp-json\/wp\/v2\/users\/3"}],"replies":[{"embeddable":true,"href":"https:\/\/hier-luebeck.de\/index.php\/wp-json\/wp\/v2\/comments?post=7866"}],"version-history":[{"count":0,"href":"https:\/\/hier-luebeck.de\/index.php\/wp-json\/wp\/v2\/posts\/7866\/revisions"}],"wp:attachment":[{"href":"https:\/\/hier-luebeck.de\/index.php\/wp-json\/wp\/v2\/media?parent=7866"}],"wp:term":[{"taxonomy":"category","embeddable":true,"href":"https:\/\/hier-luebeck.de\/index.php\/wp-json\/wp\/v2\/categories?post=7866"},{"taxonomy":"post_tag","embeddable":true,"href":"https:\/\/hier-luebeck.de\/index.php\/wp-json\/wp\/v2\/tags?post=7866"}],"curies":[{"name":"wp","href":"https:\/\/api.w.org\/{rel}","templated":true}]}}