{"id":78672,"date":"2013-01-24T10:29:30","date_gmt":"2013-01-24T09:29:30","guid":{"rendered":"http:\/\/www.hier-luebeck.de\/?p=78672"},"modified":"2025-09-23T17:38:30","modified_gmt":"2025-09-23T15:38:30","slug":"baustellenbesuch-im-franziskanerkloster-neubrandenburg","status":"publish","type":"post","link":"https:\/\/hier-luebeck.de\/index.php\/baustellenbesuch-im-franziskanerkloster-neubrandenburg\/","title":{"rendered":"Baustellenbesuch im Franziskanerkloster Neubrandenburg"},"content":{"rendered":"<p><strong>Glawe: Beeindruckende Backsteinarchitektur &#8211;\u00a0 <\/strong>Der Minister f\u00fcr Wirtschaft, Bau und Tourismus Harry Glawe hat sich am Donnerstag \u00fcber den Baufortschritt des Franziskanerklosters in Neubrandenburg informiert. \u201eMit der Sanierung des Klosters wird ein weiterer Mosaikstein in die Stadtversch\u00f6nerung gesetzt und die eindrucksvolle mittelalterliche Feld- und Backsteinarchitektur zu neuem Glanz erweckt\u201c, sagte Glawe.<!--more-->Das unter Denkmalschutz stehende Geb\u00e4ude muss umfangreich saniert werden. Zu den Bauma\u00dfnahmen geh\u00f6ren unter anderem die Sanierung des ehemaligen Refektoriums (kl\u00f6sterlicher Speisebereich) sowie die Verglasung und \u00dcberdachung des Lapidariums. Das Vorhaben wird bei Gesamtkosten von rund 4,7 Millionen Euro mit rund 2,2 Millionen Euro Finanzhilfen aus der St\u00e4dtebauf\u00f6rderung unterst\u00fctzt.<\/p>\n<p>\u201eF\u00fcr Einheimische und Besucher wird die Museumsmeile im mittelalterlichen Stadtzentrum attraktiver\u201c, so Glawe weiter. Nach der Sanierung soll das Kloster als Regionalmuseum mit wechselnden Ausstellungen genutzt werden. Die Stadt Neubrandenburg ist Eigent\u00fcmerin des Franziskanerklosters, das im 13. Jahrhundert gegr\u00fcndet wurde.<\/p>\n<p>Derzeit l\u00e4uft zudem das deutsch-polnische Projekt \u201eZwei Orte mit Geschichte \u2013 Umbau, Modernisierung und Ausbau der Bastei in Stargard Szczecinski und Herstellung der Museumsfunktion im Franziskanerkloster (840 m\u00b2) in Neubrandenburg und in der Bastei (360 m\u00b2) in Stargard Szczecinski\u201c. Hierbei werden auf polnischer Seite die Bastei Stargard Szczecinski und auf deutscher Seite das Franziskanerkloster in Neubrandenburg ihre Ausstellungs-fl\u00e4chen erweitern. So kann in beiden Museen beispielsweise umfassender auf die Entwicklungsgeschichte in den benachbarten Regionen eingegangen werden. Beide Museen verf\u00fcgen bislang zwar \u00fcber einen enormen Fundus an Kunstsch\u00e4tzen, aber \u00fcber eine zu geringe Ausstellungsfl\u00e4che. Kerngegenstand der Zusammenarbeit der Museen und der St\u00e4dte in diesem Projekt sind beispielsweise die gemeinsame Erarbeitung der inhaltlichen und technischen Aspekte der Gestaltung der Ausstellungen in den neuen R\u00e4umlichkeiten.<\/p>\n<p>Die Gesamtkosten des Projektes belaufen sich auf rund 4,5 Millionen Euro. F\u00fcr die Neugestaltung der Ausstellung in Neubrandenburg werden rund 1,7 Millionen Euro F\u00f6rdermittel aus dem europ\u00e4ischen Fonds INTERREG IV A bereitgestellt. \u201eWenn alles planm\u00e4\u00dfig verl\u00e4uft, ist die Er\u00f6ffnung f\u00fcr September 2013 vorgesehen\u201c, sagte Glawe.<\/p>\n<p>INTERREG IV A ist Teil der Europ\u00e4ischen Koh\u00e4sionspolitik und wird im Rahmen des eigenst\u00e4ndigen Ziels \u201eEurop\u00e4ische Territoriale Zusammenarbeit\u201c durch den Europ\u00e4ischen Fonds f\u00fcr regionale Entwicklung (EFRE) finanziert. Das Programm f\u00f6rdert grenz\u00fcberschreitende Kooperationen zwischen deutschen und polnischen Partnern.<\/p>\n","protected":false},"excerpt":{"rendered":"<p>Glawe: Beeindruckende Backsteinarchitektur &#8211;\u00a0 Der Minister f\u00fcr Wirtschaft, Bau und Tourismus Harry Glawe hat sich am Donnerstag \u00fcber den Baufortschritt<\/p>\n","protected":false},"author":3,"featured_media":0,"comment_status":"open","ping_status":"open","sticky":false,"template":"","format":"standard","meta":{"colormag_page_container_layout":"default_layout","colormag_page_sidebar_layout":"default_layout","footnotes":""},"categories":[14],"tags":[9839],"class_list":["post-78672","post","type-post","status-publish","format-standard","hentry","category-tipps-informationen","tag-baustellenbesuch-im-franziskanerkloster-neubrandenburg"],"_links":{"self":[{"href":"https:\/\/hier-luebeck.de\/index.php\/wp-json\/wp\/v2\/posts\/78672","targetHints":{"allow":["GET"]}}],"collection":[{"href":"https:\/\/hier-luebeck.de\/index.php\/wp-json\/wp\/v2\/posts"}],"about":[{"href":"https:\/\/hier-luebeck.de\/index.php\/wp-json\/wp\/v2\/types\/post"}],"author":[{"embeddable":true,"href":"https:\/\/hier-luebeck.de\/index.php\/wp-json\/wp\/v2\/users\/3"}],"replies":[{"embeddable":true,"href":"https:\/\/hier-luebeck.de\/index.php\/wp-json\/wp\/v2\/comments?post=78672"}],"version-history":[{"count":3,"href":"https:\/\/hier-luebeck.de\/index.php\/wp-json\/wp\/v2\/posts\/78672\/revisions"}],"predecessor-version":[{"id":450525,"href":"https:\/\/hier-luebeck.de\/index.php\/wp-json\/wp\/v2\/posts\/78672\/revisions\/450525"}],"wp:attachment":[{"href":"https:\/\/hier-luebeck.de\/index.php\/wp-json\/wp\/v2\/media?parent=78672"}],"wp:term":[{"taxonomy":"category","embeddable":true,"href":"https:\/\/hier-luebeck.de\/index.php\/wp-json\/wp\/v2\/categories?post=78672"},{"taxonomy":"post_tag","embeddable":true,"href":"https:\/\/hier-luebeck.de\/index.php\/wp-json\/wp\/v2\/tags?post=78672"}],"curies":[{"name":"wp","href":"https:\/\/api.w.org\/{rel}","templated":true}]}}