{"id":78686,"date":"2013-01-24T10:39:29","date_gmt":"2013-01-24T09:39:29","guid":{"rendered":"http:\/\/www.hier-luebeck.de\/?p=78686"},"modified":"2013-01-24T10:39:29","modified_gmt":"2013-01-24T09:39:29","slug":"selbststandige-in-der-spd-fordern-gerechte-rundfunkfinanzierung","status":"publish","type":"post","link":"https:\/\/hier-luebeck.de\/index.php\/selbststandige-in-der-spd-fordern-gerechte-rundfunkfinanzierung\/","title":{"rendered":"Selbstst\u00e4ndige in der SPD fordern gerechte Rundfunkfinanzierung"},"content":{"rendered":"<p><em>Zur Neugestaltung der Rundfunkgeb\u00fchr erkl\u00e4rt der Landesvorsitzende der Arbeitsgemeinschaft der Selbstst\u00e4ndigen in der SPD (AGS), Guenther Hansen:<\/em> \u201eNicht gelungen scheint die seit dem 1. Januar 2013 geltende Rundfunkgeb\u00fchr f\u00fcr Betriebe im Lande. Was auf den ersten Blick aussieht wie eine gerechte Vereinfachung der Geb\u00fchrenverteilung, entpuppt sich auf den zweiten Blick als Konzept mit Stolpersteinen f\u00fcr Unternehmen. Die bei Betrieben eingef\u00fchrte neue Staffelung nach Betriebsgr\u00f6\u00dfe schafft neue Ungerechtigkeiten. Zum einen ist es schon sehr zweifelhaft, warum neben den Haushalten auch Betriebe verpflichtet werden, Rundfunkbeitr\u00e4ge zu bezahlen. W\u00e4hrend man dies als politische Entscheidung noch zu akzeptieren h\u00e4tte, bleibt eine aus Unternehmersicht unfaire und unakzeptable Beitragsgestaltung.<!--more--> Zurzeit bezahlt jedes Unternehmen mit internetf\u00e4higen Rechnern einen monatlichen Beitrag von 5,76 Euro pro Betriebsst\u00e4tte. Hinzu kommen Geb\u00fchren f\u00fcr jedes normale Fernsehger\u00e4t und Radio. Der neue Beitrag pro Filiale misst sich an der Mitarbeiterzahl, unabh\u00e4ngig davon, ob ein Empfangsger\u00e4t vorhanden ist oder nicht. Problematisch ist nun, dass Filialunternehmen im Vergleich mit gleich gro\u00dfen Unternehmen, deren Mitarbeiter an einem Standort konzentriert sind, mit steigender Anzahl der Filialen bis zu zehnmal st\u00e4rker belastet werden k\u00f6nnen.<\/p>\n<p>Die Arbeitsgemeinschaft Selbst\u00e4ndige in der SPD Schleswig-Holstein<strong> <\/strong>unterst\u00fctzt vor diesem Hintergrund die Forderung des DIHK, dass eine Regelung gefunden werden muss, die sich an der gesamten Anzahl der Mitarbeiter eines Unternehmens orientiert \u2013 unabh\u00e4ngig von der Anzahl der Betriebsst\u00e4tten.\u201c<\/p>\n","protected":false},"excerpt":{"rendered":"<p>Zur Neugestaltung der Rundfunkgeb\u00fchr erkl\u00e4rt der Landesvorsitzende der Arbeitsgemeinschaft der Selbstst\u00e4ndigen in der SPD (AGS), Guenther Hansen: \u201eNicht gelungen scheint<\/p>\n","protected":false},"author":3,"featured_media":0,"comment_status":"open","ping_status":"open","sticky":false,"template":"","format":"standard","meta":{"colormag_page_container_layout":"default_layout","colormag_page_sidebar_layout":"default_layout","footnotes":""},"categories":[5],"tags":[9846],"class_list":["post-78686","post","type-post","status-publish","format-standard","hentry","category-politik-wirtschaft","tag-selbststandige-in-der-spd-fordern-gerechte-rundfunkfinanzierung"],"_links":{"self":[{"href":"https:\/\/hier-luebeck.de\/index.php\/wp-json\/wp\/v2\/posts\/78686","targetHints":{"allow":["GET"]}}],"collection":[{"href":"https:\/\/hier-luebeck.de\/index.php\/wp-json\/wp\/v2\/posts"}],"about":[{"href":"https:\/\/hier-luebeck.de\/index.php\/wp-json\/wp\/v2\/types\/post"}],"author":[{"embeddable":true,"href":"https:\/\/hier-luebeck.de\/index.php\/wp-json\/wp\/v2\/users\/3"}],"replies":[{"embeddable":true,"href":"https:\/\/hier-luebeck.de\/index.php\/wp-json\/wp\/v2\/comments?post=78686"}],"version-history":[{"count":1,"href":"https:\/\/hier-luebeck.de\/index.php\/wp-json\/wp\/v2\/posts\/78686\/revisions"}],"predecessor-version":[{"id":78687,"href":"https:\/\/hier-luebeck.de\/index.php\/wp-json\/wp\/v2\/posts\/78686\/revisions\/78687"}],"wp:attachment":[{"href":"https:\/\/hier-luebeck.de\/index.php\/wp-json\/wp\/v2\/media?parent=78686"}],"wp:term":[{"taxonomy":"category","embeddable":true,"href":"https:\/\/hier-luebeck.de\/index.php\/wp-json\/wp\/v2\/categories?post=78686"},{"taxonomy":"post_tag","embeddable":true,"href":"https:\/\/hier-luebeck.de\/index.php\/wp-json\/wp\/v2\/tags?post=78686"}],"curies":[{"name":"wp","href":"https:\/\/api.w.org\/{rel}","templated":true}]}}