{"id":78688,"date":"2013-01-24T10:41:46","date_gmt":"2013-01-24T09:41:46","guid":{"rendered":"http:\/\/www.hier-luebeck.de\/?p=78688"},"modified":"2013-01-24T10:41:46","modified_gmt":"2013-01-24T09:41:46","slug":"forderung-nach-burokratiecheck-boge-begrust-ankundigung-der-kommission","status":"publish","type":"post","link":"https:\/\/hier-luebeck.de\/index.php\/forderung-nach-burokratiecheck-boge-begrust-ankundigung-der-kommission\/","title":{"rendered":"Forderung nach B\u00fcrokratiecheck: B\u00f6ge begr\u00fc\u00dft Ank\u00fcndigung der Kommission"},"content":{"rendered":"<p align=\"left\"><a href=\"http:\/\/www.hier-luebeck.de\/2013\/01\/forderung-nach-burokratiecheck-boge-begrust-ankundigung-der-kommission\/demokratie-check\/\" rel=\"attachment wp-att-78689\"><img loading=\"lazy\" decoding=\"async\" class=\"alignleft size-full wp-image-78689\" title=\"Demokratie check\" src=\"http:\/\/www.hier-luebeck.de\/wp-content\/uploads\/2013\/01\/Demokratie-check.jpg\" alt=\"\" width=\"127\" height=\"80\" \/><\/a>Herv\u00e9 Jouanjean, Generaldirektor der Generaldirektion Haushalt der EU-Kommission, k\u00fcndigte heute im Haushaltsausschuss des Europ\u00e4ischen Parlaments einen in K\u00fcrze erscheinenden Bericht zu den B\u00fcrokratiekosten der im kommenden Finanzrahmen neu zugeschnittenen Programme, z.B. in der Gemeinsamen Agrarpolitik, an.\u00a0 Der schleswig-holsteinische CDU-Europaabgeordnete Reimer B\u00f6ge begr\u00fc\u00dfte diese Ank\u00fcndigung: &#8222;Endlich kommt die Kommission unserer stetigen Forderung nach einem B\u00fcrokratiecheck nach. Schon mit unserer Entschlie\u00dfung zum EU Haushalt 2014-2020 vom Oktober letzten Jahres haben wir dieser Forderung Nachdruck verliehen&#8220;. Nun bleibe es abzuwarten, wie die Kommission den b\u00fcrokratischen Aufwand der einzelnen neu zugeschnittenen Programme bewerte.<!--more-->B\u00f6ge stimmte mit dem Generaldirektor \u00fcberein, dass Mikromanagement und Machtk\u00e4mpfe innerhalb und zwischen den Verwaltungsbeh\u00f6rden fr\u00fchzeitig durch den Rat und das Europ\u00e4ische Parlament zu identifizieren und abzubauen seien. Weiter seien bei den nun anstehenden Verhandlungen zwischen Rat und Parlament beide Institutionen aufgerufen zu gew\u00e4hrleisten, dass keine zus\u00e4tzlichen administrativen Kosten entst\u00fcnden.<\/p>\n<p align=\"left\">\n<p align=\"left\">&#8222;In Zeiten nationaler Haushaltssanierung kann es nicht sein, dass neue Programme h\u00f6here Verwaltungskosten, egal ob auf regionaler, nationaler oder europ\u00e4ischer Ebene, verursachen&#8220;, so B\u00f6ge abschlie\u00dfend.<\/p>\n","protected":false},"excerpt":{"rendered":"<p>Herv\u00e9 Jouanjean, Generaldirektor der Generaldirektion Haushalt der EU-Kommission, k\u00fcndigte heute im Haushaltsausschuss des Europ\u00e4ischen Parlaments einen in K\u00fcrze erscheinenden Bericht<\/p>\n","protected":false},"author":3,"featured_media":0,"comment_status":"open","ping_status":"open","sticky":false,"template":"","format":"standard","meta":{"colormag_page_container_layout":"default_layout","colormag_page_sidebar_layout":"default_layout","footnotes":""},"categories":[5],"tags":[9847],"class_list":["post-78688","post","type-post","status-publish","format-standard","hentry","category-politik-wirtschaft","tag-forderung-nach-burokratiecheck-boge-begrust-ankundigung-der-kommission"],"_links":{"self":[{"href":"https:\/\/hier-luebeck.de\/index.php\/wp-json\/wp\/v2\/posts\/78688","targetHints":{"allow":["GET"]}}],"collection":[{"href":"https:\/\/hier-luebeck.de\/index.php\/wp-json\/wp\/v2\/posts"}],"about":[{"href":"https:\/\/hier-luebeck.de\/index.php\/wp-json\/wp\/v2\/types\/post"}],"author":[{"embeddable":true,"href":"https:\/\/hier-luebeck.de\/index.php\/wp-json\/wp\/v2\/users\/3"}],"replies":[{"embeddable":true,"href":"https:\/\/hier-luebeck.de\/index.php\/wp-json\/wp\/v2\/comments?post=78688"}],"version-history":[{"count":2,"href":"https:\/\/hier-luebeck.de\/index.php\/wp-json\/wp\/v2\/posts\/78688\/revisions"}],"predecessor-version":[{"id":78691,"href":"https:\/\/hier-luebeck.de\/index.php\/wp-json\/wp\/v2\/posts\/78688\/revisions\/78691"}],"wp:attachment":[{"href":"https:\/\/hier-luebeck.de\/index.php\/wp-json\/wp\/v2\/media?parent=78688"}],"wp:term":[{"taxonomy":"category","embeddable":true,"href":"https:\/\/hier-luebeck.de\/index.php\/wp-json\/wp\/v2\/categories?post=78688"},{"taxonomy":"post_tag","embeddable":true,"href":"https:\/\/hier-luebeck.de\/index.php\/wp-json\/wp\/v2\/tags?post=78688"}],"curies":[{"name":"wp","href":"https:\/\/api.w.org\/{rel}","templated":true}]}}