{"id":7991,"date":"2009-02-25T16:30:22","date_gmt":"2009-02-25T16:30:22","guid":{"rendered":"http:\/\/testserver\/wordpress\/?p=7891"},"modified":"2009-02-25T16:30:22","modified_gmt":"2009-02-25T16:30:22","slug":"diskussion_ber_die_zukunft_der_kirche_in_lbeck","status":"publish","type":"post","link":"https:\/\/hier-luebeck.de\/index.php\/diskussion_ber_die_zukunft_der_kirche_in_lbeck\/","title":{"rendered":"Diskussion \u00fcber die Zukunft der Kirche in L\u00fcbeck"},"content":{"rendered":"<p><img decoding=\"async\" title=\"VHSLogo\" src=\"http:\/\/www.hier-luebeck.de\/images\/topics\/VHSLogo.jpg\" alt=\"VHSLogo\" \/><br \/>\nVHS l\u00e4dt am 4. M\u00e4rz zur Podiumsdiskussion ein: &#8222;Diese Thesen w\u00e4ren&#8216; s gewesen&#8230;&#8220;<br \/>\n&#8222;Diese Thesen w\u00e4ren&#8216; s gewesen&#8230; &#8211; Martin Luthers Reformation und die Zukunft der Kirche in L\u00fcbeck&#8220; lautet der Titel einer Podiumsdiskussion, den die Volkhochschule am Mittwoch, 4. M\u00e4rz 2009, 19 bis 21.15 Uhr anbietet. Dabei handelt es sich um eine zus\u00e4tzliche Veranstaltung innerhalb des bestehenden M\u00e4rz-Programmes &#8211; in Zusammenarbeit mit dem evangelischen Kirchenkreis L\u00fcbeck.<br \/>\n<!--more-->Zum letzten Reformationstag hatten L\u00fcbecker B\u00fcrger einen neuen Thesenanschlag auf die Stadt L\u00fcbeck ver\u00fcbt. Dazu waren zw\u00f6lf engagierte Mitmenschen von der &#8222;Initiative Glaube und Bildung&#8220; gebeten worden, ihre kritischen Gedanken \u00fcber eine zuk\u00fcnftige Gestaltung der Kirche zu formulieren.<br \/>\nNachdem diese &#8222;neuen Thesen&#8220; am 31. Oktober 2008 an das Portal der Katharinenkirche genagelt und der Pr\u00f6pstin des Kirchenkreises \u00fcbergeben worden sind, sollen die Thesen nun in der \u00d6ffentlichkeit diskutiert werden. Auf dem Podium sind Prof. Dr. Gerd Bockwoldt aus Eutin, Pr\u00f6pstin Petra Kallies aus L\u00fcbeck und Kai Schr\u00f6der, Pr\u00e4ses der Kirchenkreissynode L\u00fcbeck, vertreten. Die Moderation \u00fcbernimmt der Theologe und Buchautor Dr. Matthias Viertel. <br \/>\nDer Eintritt ist frei<\/p>\n","protected":false},"excerpt":{"rendered":"<p>VHS l\u00e4dt am 4. M\u00e4rz zur Podiumsdiskussion ein: &#8222;Diese Thesen w\u00e4ren&#8216; s gewesen&#8230;&#8220; &#8222;Diese Thesen w\u00e4ren&#8216; s gewesen&#8230; &#8211; Martin<\/p>\n","protected":false},"author":3,"featured_media":0,"comment_status":"open","ping_status":"open","sticky":false,"template":"","format":"standard","meta":{"colormag_page_container_layout":"default_layout","colormag_page_sidebar_layout":"default_layout","footnotes":""},"categories":[13],"tags":[],"class_list":["post-7991","post","type-post","status-publish","format-standard","hentry","category-veranstaltungen"],"_links":{"self":[{"href":"https:\/\/hier-luebeck.de\/index.php\/wp-json\/wp\/v2\/posts\/7991","targetHints":{"allow":["GET"]}}],"collection":[{"href":"https:\/\/hier-luebeck.de\/index.php\/wp-json\/wp\/v2\/posts"}],"about":[{"href":"https:\/\/hier-luebeck.de\/index.php\/wp-json\/wp\/v2\/types\/post"}],"author":[{"embeddable":true,"href":"https:\/\/hier-luebeck.de\/index.php\/wp-json\/wp\/v2\/users\/3"}],"replies":[{"embeddable":true,"href":"https:\/\/hier-luebeck.de\/index.php\/wp-json\/wp\/v2\/comments?post=7991"}],"version-history":[{"count":0,"href":"https:\/\/hier-luebeck.de\/index.php\/wp-json\/wp\/v2\/posts\/7991\/revisions"}],"wp:attachment":[{"href":"https:\/\/hier-luebeck.de\/index.php\/wp-json\/wp\/v2\/media?parent=7991"}],"wp:term":[{"taxonomy":"category","embeddable":true,"href":"https:\/\/hier-luebeck.de\/index.php\/wp-json\/wp\/v2\/categories?post=7991"},{"taxonomy":"post_tag","embeddable":true,"href":"https:\/\/hier-luebeck.de\/index.php\/wp-json\/wp\/v2\/tags?post=7991"}],"curies":[{"name":"wp","href":"https:\/\/api.w.org\/{rel}","templated":true}]}}