{"id":7994,"date":"2009-02-25T16:54:35","date_gmt":"2009-02-25T16:54:35","guid":{"rendered":"http:\/\/testserver\/wordpress\/?p=7894"},"modified":"2009-02-25T16:54:35","modified_gmt":"2009-02-25T16:54:35","slug":"welche_ziele_verfolgt_der_masterplan_nrdliche_wallhalbinsel","status":"publish","type":"post","link":"https:\/\/hier-luebeck.de\/index.php\/welche_ziele_verfolgt_der_masterplan_nrdliche_wallhalbinsel\/","title":{"rendered":"Welche Ziele verfolgt der Masterplan N\u00f6rdliche Wallhalbinsel?"},"content":{"rendered":"<p><img decoding=\"async\" title=\"HLLogo\" src=\"http:\/\/www.hier-luebeck.de\/images\/topics\/HLLogo.jpg\" alt=\"HLLogo\" \/><br \/>\n\u00d6ffentlichkeitsbeteiligung im Rahmen des Bebauungsplanverfahrens startet am 2. M\u00e4rz<br \/>\nDie k\u00fcnftige Gestaltung und Bebauung der N\u00f6rdlichen Wallhalbinsel steht im Mittelpunkt einer \u00f6ffentlichen Veranstaltung am kommenden Mittwoch, 4. M\u00e4rz 2009. Ab 18.30 Uhr wird die \u00d6ffentlichkeit in den Media-Docks, Willy Brandt Allee 31b, \u00fcber das Ergebnis des Wettbewerbs im Gutachterverfahren &#8222;Masterplan N\u00f6rdliche Wallhalbinsel&#8220; und damit \u00fcber die Ziele und Zwecke der Planung in einer \u00f6ffentlichen Veranstaltung informiert.<br \/>\n<!--more-->Dabei wird es f\u00fcr die B\u00fcrger Gelegenheit zu \u00c4u\u00dferungen und Er\u00f6rterungen geben. Die erarbeiteten Planungsvorstellungen k\u00f6nnen bereits eine halbe Stunde vor Veranstaltungsbeginn eingesehen werden.<br \/>\nDie \u00d6ffentlichkeit hat au\u00dferdem Gelegenheit, vom 2. bis einschlie\u00dflich 13. M\u00e4rz 2009 im Foyer der Bauverwaltung, M\u00fchlendamm 12 sich an den dort gezeigten Aush\u00e4ngen \u00fcber Ziel, Zweck und Auswirkung der Planung zu informieren und sich dazu zu \u00e4u\u00dfern. \u00d6ffnungszeiten: montags bis mittwochs jeweils von 8 Uhr bis 15 Uhr, donnerstags von 8 bis 18 Uhr sowie freitags von 8 bis 12 Uhr<br \/>\nHintergrund: Die Beteiligung der \u00d6ffentlichkeit nach Paragraf 3 (1) Satz 1 Baugesetzbuch ist verpflichtender Teil des Bebauungsplanverfahrens. Der Bauausschuss der Hansestadt L\u00fcbeck hat in seiner Sitzung am 16. Februar 2009 beschlossen, die 23. Fl\u00e4chennutzungsplan\u00e4nderung der Hansestadt L\u00fcbeck f\u00fcr den Teilbereich &#8222;N\u00f6rdliche Wallhalbinsel&#8220; im Stadtteil Innere Stadt und der Bebauungsplan 01.75.00 &#8211; N\u00f6rdliche Wallhalbinsel &#8211; aufzustellen. Die Bauleitpl\u00e4ne werden aufgestellt, um die planungsrechtlichen Voraussetzungen f\u00fcr die Entwicklung eines mit Wohnen, Arbeiten, untergeordnetem und kleinteiligem Einzelhandel, Kultur, Freizeit und Gastronomie gemischt genutzten Stadtquartiers zu schaffen. Grundlage hierf\u00fcr bildet der im Gutachterverfahren siegreiche Masterplan der Arbeitsgemeinschaft &#8222;Architekten Brodersen + Gebauer.\/Wurck NL, Rotterdam mit wUrck vof, Rotterdam&#8220;.<\/p>\n","protected":false},"excerpt":{"rendered":"<p>\u00d6ffentlichkeitsbeteiligung im Rahmen des Bebauungsplanverfahrens startet am 2. M\u00e4rz Die k\u00fcnftige Gestaltung und Bebauung der N\u00f6rdlichen Wallhalbinsel steht im Mittelpunkt<\/p>\n","protected":false},"author":3,"featured_media":0,"comment_status":"open","ping_status":"open","sticky":false,"template":"","format":"standard","meta":{"colormag_page_container_layout":"default_layout","colormag_page_sidebar_layout":"default_layout","footnotes":""},"categories":[13],"tags":[],"class_list":["post-7994","post","type-post","status-publish","format-standard","hentry","category-veranstaltungen"],"_links":{"self":[{"href":"https:\/\/hier-luebeck.de\/index.php\/wp-json\/wp\/v2\/posts\/7994","targetHints":{"allow":["GET"]}}],"collection":[{"href":"https:\/\/hier-luebeck.de\/index.php\/wp-json\/wp\/v2\/posts"}],"about":[{"href":"https:\/\/hier-luebeck.de\/index.php\/wp-json\/wp\/v2\/types\/post"}],"author":[{"embeddable":true,"href":"https:\/\/hier-luebeck.de\/index.php\/wp-json\/wp\/v2\/users\/3"}],"replies":[{"embeddable":true,"href":"https:\/\/hier-luebeck.de\/index.php\/wp-json\/wp\/v2\/comments?post=7994"}],"version-history":[{"count":0,"href":"https:\/\/hier-luebeck.de\/index.php\/wp-json\/wp\/v2\/posts\/7994\/revisions"}],"wp:attachment":[{"href":"https:\/\/hier-luebeck.de\/index.php\/wp-json\/wp\/v2\/media?parent=7994"}],"wp:term":[{"taxonomy":"category","embeddable":true,"href":"https:\/\/hier-luebeck.de\/index.php\/wp-json\/wp\/v2\/categories?post=7994"},{"taxonomy":"post_tag","embeddable":true,"href":"https:\/\/hier-luebeck.de\/index.php\/wp-json\/wp\/v2\/tags?post=7994"}],"curies":[{"name":"wp","href":"https:\/\/api.w.org\/{rel}","templated":true}]}}