{"id":8118,"date":"2009-03-14T09:05:32","date_gmt":"2009-03-14T09:05:32","guid":{"rendered":"http:\/\/testserver\/wordpress\/?p=8018"},"modified":"2009-03-14T09:05:32","modified_gmt":"2009-03-14T09:05:32","slug":"neues_vom_schriftsteller_des_meeres","status":"publish","type":"post","link":"https:\/\/hier-luebeck.de\/index.php\/neues_vom_schriftsteller_des_meeres\/","title":{"rendered":"Neues vom Schriftsteller des Meeres"},"content":{"rendered":"<p><img decoding=\"async\" title=\"GrassHaus\" src=\"http:\/\/www.hier-luebeck.de\/images\/topics\/GrassHaus.jpg\" alt=\"GrassHaus\" \/><br \/>\nSiegfried Lenz: Wasserwelten &#8211; Buchvorstellung im Grass-Haus am Dienstag, 19 Uhr<br \/>\nSiegfried Lenz ist nicht nur einer der letzten gro\u00dfen Geschichtenerz\u00e4hler &#8211; er ist auch ein Schriftsteller des Meeres: Str\u00e4nde, H\u00e4fen, K\u00fcsten, Fjorde und Schiffe sind die Schaupl\u00e4tze seines Werks. An seinem 83. Geburtstag am Dienstag, 17. M\u00e4rz 2009, wird im G\u00fcnter Grass-Haus in L\u00fcbeck sein Buch &#8222;Wasserwelten&#8220; vorgestellt. <!--more-->Der Radiojournalist Hanjo Kesting hat Lenz Schaffen ein Leben lang begleitet und kennt dessen Werk wie kaum ein Zweiter. Er hat die besten und sch\u00f6nsten Meerestexte des gro\u00dfen Erz\u00e4hlers zusammengetragen und das Buch herausgegeben. Er wird es in dem Literaturmuseum in der L\u00fcbecker Glockengie\u00dferstra\u00dfe 21 pr\u00e4sentieren.<br \/>\nDie Buchvorstellung beginnt um 19 Uhr. Der Eintrittspreis betr\u00e4gt neun (erm\u00e4\u00dfigt sechs) Euro. Karten gibt es im Shop des G\u00fcnter Grass-Hauses, Glockengie\u00dferstra\u00dfe 21. Auch telefonische Reservierung ist m\u00f6glich: (0451) 122 42 30.<\/p>\n","protected":false},"excerpt":{"rendered":"<p>Siegfried Lenz: Wasserwelten &#8211; Buchvorstellung im Grass-Haus am Dienstag, 19 Uhr Siegfried Lenz ist nicht nur einer der letzten gro\u00dfen<\/p>\n","protected":false},"author":3,"featured_media":0,"comment_status":"open","ping_status":"open","sticky":false,"template":"","format":"standard","meta":{"colormag_page_container_layout":"default_layout","colormag_page_sidebar_layout":"default_layout","footnotes":""},"categories":[13],"tags":[],"class_list":["post-8118","post","type-post","status-publish","format-standard","hentry","category-veranstaltungen"],"_links":{"self":[{"href":"https:\/\/hier-luebeck.de\/index.php\/wp-json\/wp\/v2\/posts\/8118","targetHints":{"allow":["GET"]}}],"collection":[{"href":"https:\/\/hier-luebeck.de\/index.php\/wp-json\/wp\/v2\/posts"}],"about":[{"href":"https:\/\/hier-luebeck.de\/index.php\/wp-json\/wp\/v2\/types\/post"}],"author":[{"embeddable":true,"href":"https:\/\/hier-luebeck.de\/index.php\/wp-json\/wp\/v2\/users\/3"}],"replies":[{"embeddable":true,"href":"https:\/\/hier-luebeck.de\/index.php\/wp-json\/wp\/v2\/comments?post=8118"}],"version-history":[{"count":0,"href":"https:\/\/hier-luebeck.de\/index.php\/wp-json\/wp\/v2\/posts\/8118\/revisions"}],"wp:attachment":[{"href":"https:\/\/hier-luebeck.de\/index.php\/wp-json\/wp\/v2\/media?parent=8118"}],"wp:term":[{"taxonomy":"category","embeddable":true,"href":"https:\/\/hier-luebeck.de\/index.php\/wp-json\/wp\/v2\/categories?post=8118"},{"taxonomy":"post_tag","embeddable":true,"href":"https:\/\/hier-luebeck.de\/index.php\/wp-json\/wp\/v2\/tags?post=8118"}],"curies":[{"name":"wp","href":"https:\/\/api.w.org\/{rel}","templated":true}]}}