{"id":8120,"date":"2009-03-14T09:20:46","date_gmt":"2009-03-14T09:20:46","guid":{"rendered":"http:\/\/testserver\/wordpress\/?p=8020"},"modified":"2009-03-14T09:20:46","modified_gmt":"2009-03-14T09:20:46","slug":"eltern_in_seelischer_not__wer_kann_helfen","status":"publish","type":"post","link":"https:\/\/hier-luebeck.de\/index.php\/eltern_in_seelischer_not__wer_kann_helfen\/","title":{"rendered":"Eltern in seelischer Not &#8211; Wer kann helfen?"},"content":{"rendered":"<p><img decoding=\"async\" title=\"VHSLogo\" src=\"http:\/\/www.hier-luebeck.de\/images\/topics\/VHSLogo.jpg\" alt=\"VHSLogo\" \/><br \/>\nInformationsabend zum B\u00fcrger-Engagement in L\u00fcbeck zum Schutz von Familien<br \/>\nWenn Eltern in eine seelische Krise geraten, wirkt sich dies auf alle Familienmitglieder und auf das unmittelbare Umfeld aus. Ersch\u00fctternde Nachrichten von Kindst\u00f6tungen wie die aus Darry, L\u00fcbeck und Bad Bramstedt l\u00f6sen dann oft Gef\u00fchle der Hilflosigkeit aus und werfen die Frage auf, welche Unterst\u00fctzung wir als verantwortungsvolle B\u00fcrger geben k\u00f6nnten.<br \/>\n<!--more-->In Zusammenarbeit der Volkshochschule mit der &#8222;Br\u00fccke&#8220; L\u00fcbeck und den &#8222;Fr\u00fchen Hilfen&#8220; am Kinderschutz-Zentrum L\u00fcbeck AWO S\u00fcdholstein findet am Donnerstag, 19. M\u00e4rz 2009, ein Informationsabend statt. Er soll konkrete Wege aufzeigen, wie der Einzelne mit der Begegnung von seelischen Krisen in Familien umgehen kann.<br \/>\nNeben der M\u00f6glichkeit zu einem gemeinsamen Austausch k\u00f6nnen auch Informationen \u00fcber ein ehrenamtliches Engagement in diesem Bereich gegeben werden. Der Vortrag in der VHS &#8211; Forum f\u00fcr Weiterbildung, H\u00fcxstra\u00dfe 118-120, beginnt um 19.30 Uhr. Eintritt frei<\/p>\n","protected":false},"excerpt":{"rendered":"<p>Informationsabend zum B\u00fcrger-Engagement in L\u00fcbeck zum Schutz von Familien Wenn Eltern in eine seelische Krise geraten, wirkt sich dies auf<\/p>\n","protected":false},"author":3,"featured_media":0,"comment_status":"open","ping_status":"open","sticky":false,"template":"","format":"standard","meta":{"colormag_page_container_layout":"default_layout","colormag_page_sidebar_layout":"default_layout","footnotes":""},"categories":[13],"tags":[],"class_list":["post-8120","post","type-post","status-publish","format-standard","hentry","category-veranstaltungen"],"_links":{"self":[{"href":"https:\/\/hier-luebeck.de\/index.php\/wp-json\/wp\/v2\/posts\/8120","targetHints":{"allow":["GET"]}}],"collection":[{"href":"https:\/\/hier-luebeck.de\/index.php\/wp-json\/wp\/v2\/posts"}],"about":[{"href":"https:\/\/hier-luebeck.de\/index.php\/wp-json\/wp\/v2\/types\/post"}],"author":[{"embeddable":true,"href":"https:\/\/hier-luebeck.de\/index.php\/wp-json\/wp\/v2\/users\/3"}],"replies":[{"embeddable":true,"href":"https:\/\/hier-luebeck.de\/index.php\/wp-json\/wp\/v2\/comments?post=8120"}],"version-history":[{"count":0,"href":"https:\/\/hier-luebeck.de\/index.php\/wp-json\/wp\/v2\/posts\/8120\/revisions"}],"wp:attachment":[{"href":"https:\/\/hier-luebeck.de\/index.php\/wp-json\/wp\/v2\/media?parent=8120"}],"wp:term":[{"taxonomy":"category","embeddable":true,"href":"https:\/\/hier-luebeck.de\/index.php\/wp-json\/wp\/v2\/categories?post=8120"},{"taxonomy":"post_tag","embeddable":true,"href":"https:\/\/hier-luebeck.de\/index.php\/wp-json\/wp\/v2\/tags?post=8120"}],"curies":[{"name":"wp","href":"https:\/\/api.w.org\/{rel}","templated":true}]}}