{"id":8121,"date":"2009-03-14T09:25:36","date_gmt":"2009-03-14T09:25:36","guid":{"rendered":"http:\/\/testserver\/wordpress\/?p=8021"},"modified":"2009-03-14T09:25:36","modified_gmt":"2009-03-14T09:25:36","slug":"gnter_grass_liest_die_box","status":"publish","type":"post","link":"https:\/\/hier-luebeck.de\/index.php\/gnter_grass_liest_die_box\/","title":{"rendered":"G\u00fcnter Grass liest &#8222;Die Box&#8220;"},"content":{"rendered":"<p><img decoding=\"async\" title=\"Grass-Guenter-RB\" src=\"http:\/\/www.hier-luebeck.de\/images\/topics\/Grass-Guenter-RB\" alt=\"Grass-Guenter-RB\" \/><br \/>\nLesemarathon an f\u00fcnf Abenden zur H\u00f6rbuch-Produktion beginnt am 21. M\u00e4rz<br \/>\n&#8222;Es war einmal ein Vater, der rief, weil alt geworden, seine S\u00f6hne und T\u00f6chter zusammen&#8230;&#8220; Mit diesem Satz wird G\u00fcnter Grass am Sonnabend, 21. M\u00e4rz 2009, einen Lesemarathon beginnen: Dann liest er sein j\u00fcngstes Werk &#8222;Die Box&#8220; vollst\u00e4ndig an f\u00fcnf Abenden vor.<br \/>\n<!--more-->Nach &#8222;Beim H\u00e4uten der Zwiebel&#8220; und &#8222;Der Butt&#8220; tr\u00e4gt er erneut eines seiner B\u00fccher im G\u00fcnter Grass-Haus L\u00fcbeck vor Publikum vor, wiederum anl\u00e4sslich einer Radio- und H\u00f6rbuch-Produktion. Die biografische Erz\u00e4hlung &#8222;Die Box&#8220; aus dem Jahr 2008 geh\u00f6rt zu den pers\u00f6nlichsten B\u00fcchern des Schriftstellers.<br \/>\n40 Pl\u00e4tze sind pro Abend zu vergeben. Lesebeginn ist um 19.30 Uhr, wegen der Aufzeichnung sollten die Zuh\u00f6rer ihre Pl\u00e4tze bis 19.15 Uhr einnehmen. Grass liest rund 90 Minuten und im Anschluss noch einmal einige k\u00fcrzere Passagen, die nicht optimal aufgenommen wurden. Die Zuh\u00f6rer werden gebeten, dabei im Raum zu bleiben, da sich sonst die Akustik ver\u00e4ndert. <br \/>\nEs handelt sich dabei um eine Veranstaltung des NDR und des Steidl Verlags, G\u00f6ttingen, in Zusammenarbeit mit dem G\u00fcnter Grass-Haus L\u00fcbeck. <br \/>\nDie Termine im \u00dcberblick:<br \/>\n* Sonnabend, 21. M\u00e4rz <br \/>\n* Sonntag, 22. M\u00e4rz<br \/>\n* Montag, 23. M\u00e4rz<br \/>\n* Mittwoch, 25. M\u00e4rz<br \/>\n* Donnerstag, 26. M\u00e4rz<br \/>\nDer Eintritt betr\u00e4gt neun Euro. Karten sind im Shop des G\u00fcnter Grass-Hauses (au\u00dfer montags) sowie unter Telefon (0451) 122 42 30 erh\u00e4ltlich<\/p>\n","protected":false},"excerpt":{"rendered":"<p>Lesemarathon an f\u00fcnf Abenden zur H\u00f6rbuch-Produktion beginnt am 21. M\u00e4rz &#8222;Es war einmal ein Vater, der rief, weil alt geworden,<\/p>\n","protected":false},"author":3,"featured_media":0,"comment_status":"open","ping_status":"open","sticky":false,"template":"","format":"standard","meta":{"colormag_page_container_layout":"default_layout","colormag_page_sidebar_layout":"default_layout","footnotes":""},"categories":[13],"tags":[],"class_list":["post-8121","post","type-post","status-publish","format-standard","hentry","category-veranstaltungen"],"_links":{"self":[{"href":"https:\/\/hier-luebeck.de\/index.php\/wp-json\/wp\/v2\/posts\/8121","targetHints":{"allow":["GET"]}}],"collection":[{"href":"https:\/\/hier-luebeck.de\/index.php\/wp-json\/wp\/v2\/posts"}],"about":[{"href":"https:\/\/hier-luebeck.de\/index.php\/wp-json\/wp\/v2\/types\/post"}],"author":[{"embeddable":true,"href":"https:\/\/hier-luebeck.de\/index.php\/wp-json\/wp\/v2\/users\/3"}],"replies":[{"embeddable":true,"href":"https:\/\/hier-luebeck.de\/index.php\/wp-json\/wp\/v2\/comments?post=8121"}],"version-history":[{"count":0,"href":"https:\/\/hier-luebeck.de\/index.php\/wp-json\/wp\/v2\/posts\/8121\/revisions"}],"wp:attachment":[{"href":"https:\/\/hier-luebeck.de\/index.php\/wp-json\/wp\/v2\/media?parent=8121"}],"wp:term":[{"taxonomy":"category","embeddable":true,"href":"https:\/\/hier-luebeck.de\/index.php\/wp-json\/wp\/v2\/categories?post=8121"},{"taxonomy":"post_tag","embeddable":true,"href":"https:\/\/hier-luebeck.de\/index.php\/wp-json\/wp\/v2\/tags?post=8121"}],"curies":[{"name":"wp","href":"https:\/\/api.w.org\/{rel}","templated":true}]}}