{"id":8171,"date":"2009-03-20T11:12:40","date_gmt":"2009-03-20T11:12:40","guid":{"rendered":"http:\/\/testserver\/wordpress\/?p=8071"},"modified":"2009-03-20T11:12:40","modified_gmt":"2009-03-20T11:12:40","slug":"ber_die_qualitt_im_kindertheater","status":"publish","type":"post","link":"https:\/\/hier-luebeck.de\/index.php\/ber_die_qualitt_im_kindertheater\/","title":{"rendered":"\u00dcber die Qualit\u00e4t im Kindertheater"},"content":{"rendered":"<p><img decoding=\"async\" title=\"HLLogo\" src=\"http:\/\/www.hier-luebeck.de\/images\/topics\/HLLogo.jpg\" alt=\"HLLogo\" \/><br \/>\nVortrag und Fortbildung f\u00fcr Interessierte aus Theater, Medien, Kulturpolitik und P\u00e4dagogik<br \/>\nUm die Qualit\u00e4t im Kindertheater geht es am kommenden Dienstag, 24. M\u00e4rz 2009, um 18 Uhr auf der B\u00fchne des L\u00fcbecker Theaterhauses, K\u00f6nigstra\u00dfe 17. Es handelt sich dabei um einen Vortrag und eine Fortbildungsveranstaltung im Rahmen des 1. L\u00fcbecker Kindertheaterfestivals, zum dem alle Kunstinteressierten aus Theater, Medien, Kulturpolitik und P\u00e4dagogik eingeladen sind. Referent ist Dr. J\u00fcrgen Kirschner<br \/>\n<!--more-->Theater f\u00fcr Kinder ist eine Kunst, die uns nicht nur im Theater, sondern auch in der allt\u00e4glichen Umgebung der Heranwachsenden begegnet. Sie macht den Alltag zum Festtag und zeigt auf ihrer B\u00fchne die Lebenswelt der Kinder im neuen Licht. Theaterkunst f\u00fcr Kinder bewegt Kleine und Gro\u00dfe. In Deutschland hat das Theater f\u00fcr Kinder eine k\u00fcnstlerische Vielfalt herausgebildet, die sich aus eigenen Traditionen und kr\u00e4ftigen Impulsen aus den anderen europ\u00e4ischen L\u00e4ndern speist.<br \/>\nWelche Aspekte heute f\u00fcr das &#8222;Sch\u00f6ne&#8220; im Kindertheater eine Rolle spielen, wird im Vortrag beispielhaft an den Urteilen aus Kunst, Kritik und Wissenschaft zum zeitgen\u00f6ssischen Kindertheater gezeigt. Nach einer Pause schlie\u00dft sich ein Workshop an, der alle einl\u00e4dt, die k\u00fcnftig gutes Kindertheater in der Region praktisch mitgestalten wollen &#8211; in der Kunst und der Bildung, in der Politik und den Medien. Richtungsweisende Vorschl\u00e4ge und Erfahrungen werden vorgestellt und daran wird diskutiert, wie Qualit\u00e4t im Theater f\u00fcr Kinder erkannt und bef\u00f6rdert werden kann.<br \/>\nDr. J\u00fcrgen Kirschner hat Arbeiten zum zeitgen\u00f6ssischen Drama, zur deutschen Theatergeschichte, zu den Medien und zur Kulturdokumentation vorgelegt; als Wissenschaftlicher Dokumentar des Kinder- und Jugendtheaterzentrums in der Bundesrepublik Deutschland f\u00fchrt er eine Spezialsammlung und leitet Projekte zur kulturellen Bildung.<br \/>\nDer Eintritt zum Vortrag ist frei. Anmeldung und Spenden sind erw\u00fcnscht. Die Fortbildung findet im Anschluss von 19.30 bis 22 Uhr statt. Teilnahmegeb\u00fchr: zehn Euro <br \/>\nAnmeldung per E-Mail kontakt@tribuehne-theater.de oder Telefon (0451) 790 71 78.<\/p>\n","protected":false},"excerpt":{"rendered":"<p>Vortrag und Fortbildung f\u00fcr Interessierte aus Theater, Medien, Kulturpolitik und P\u00e4dagogik Um die Qualit\u00e4t im Kindertheater geht es am kommenden<\/p>\n","protected":false},"author":3,"featured_media":0,"comment_status":"open","ping_status":"open","sticky":false,"template":"","format":"standard","meta":{"colormag_page_container_layout":"default_layout","colormag_page_sidebar_layout":"default_layout","footnotes":""},"categories":[13],"tags":[],"class_list":["post-8171","post","type-post","status-publish","format-standard","hentry","category-veranstaltungen"],"_links":{"self":[{"href":"https:\/\/hier-luebeck.de\/index.php\/wp-json\/wp\/v2\/posts\/8171","targetHints":{"allow":["GET"]}}],"collection":[{"href":"https:\/\/hier-luebeck.de\/index.php\/wp-json\/wp\/v2\/posts"}],"about":[{"href":"https:\/\/hier-luebeck.de\/index.php\/wp-json\/wp\/v2\/types\/post"}],"author":[{"embeddable":true,"href":"https:\/\/hier-luebeck.de\/index.php\/wp-json\/wp\/v2\/users\/3"}],"replies":[{"embeddable":true,"href":"https:\/\/hier-luebeck.de\/index.php\/wp-json\/wp\/v2\/comments?post=8171"}],"version-history":[{"count":0,"href":"https:\/\/hier-luebeck.de\/index.php\/wp-json\/wp\/v2\/posts\/8171\/revisions"}],"wp:attachment":[{"href":"https:\/\/hier-luebeck.de\/index.php\/wp-json\/wp\/v2\/media?parent=8171"}],"wp:term":[{"taxonomy":"category","embeddable":true,"href":"https:\/\/hier-luebeck.de\/index.php\/wp-json\/wp\/v2\/categories?post=8171"},{"taxonomy":"post_tag","embeddable":true,"href":"https:\/\/hier-luebeck.de\/index.php\/wp-json\/wp\/v2\/tags?post=8171"}],"curies":[{"name":"wp","href":"https:\/\/api.w.org\/{rel}","templated":true}]}}