{"id":8172,"date":"2009-03-20T11:19:40","date_gmt":"2009-03-20T11:19:40","guid":{"rendered":"http:\/\/testserver\/wordpress\/?p=8072"},"modified":"2009-03-20T11:19:40","modified_gmt":"2009-03-20T11:19:40","slug":"frhlingserwachen_am_waldhusener_moorsee","status":"publish","type":"post","link":"https:\/\/hier-luebeck.de\/index.php\/frhlingserwachen_am_waldhusener_moorsee\/","title":{"rendered":"Fr\u00fchlingserwachen am Waldhusener Moorsee"},"content":{"rendered":"<p><img decoding=\"async\" title=\"HLLogo\" src=\"http:\/\/www.hier-luebeck.de\/images\/topics\/HLLogo.jpg\" alt=\"HLLogo\" \/><br \/>\nDie L\u00fcbecker Naturschutzbeh\u00f6rde l\u00e4dt zu einer \u00f6ffentlichen F\u00fchrung ein<br \/>\nDer Bereich Naturschutz der Hansestadt L\u00fcbeck l\u00e4dt alle Interessierten zu einem Naturkundliche Abendf\u00fchrung rund um den Waldhusener Moorsee am Mittwoch, 25. M\u00e4rz 2009, um 17 Uhr ein. Die Wanderung wird durch eine vielf\u00e4ltige, abwechslungsreiche Landschaft f\u00fchren. <!--more-->Als Schwerpunkt werden insbesondere der Gesang und das Verhalten der V\u00f6gel auf dem Programm stehen. Dar\u00fcber hinaus werden Sie auch Interessantes \u00fcber die Pflanzen am Wegesrand, die Naturgeschichte des Gebietes und seine Bedeutung f\u00fcr den Naturschutz erfahren. Auch Fragen der Erholungsnutzung k\u00f6nnen angesprochen werden. <br \/>\nTreffpunkt ist der Wendeplatz der Stra\u00dfe &#8222;Am Moor&#8220; bei den Waldarbeiterh\u00e4usern hinter dem Bahn\u00fcbergang &#8222;Forstweg&#8220;.<br \/>\nWer mit dem Bus kommen m\u00f6chte, kann an der Haltestelle K\u00fccknitzer Scheide der Buslinien 30, 31 und 40 aussteigen und von hier rund 600 Meter bis zum Treffpunkt gehen. Die Exkursion wird rund zwei Stunden dauern. Zur besseren Beobachtung von V\u00f6geln ist es sinnvoll, ein Fernglas mitzubringen.<\/p>\n","protected":false},"excerpt":{"rendered":"<p>Die L\u00fcbecker Naturschutzbeh\u00f6rde l\u00e4dt zu einer \u00f6ffentlichen F\u00fchrung ein Der Bereich Naturschutz der Hansestadt L\u00fcbeck l\u00e4dt alle Interessierten zu einem<\/p>\n","protected":false},"author":3,"featured_media":0,"comment_status":"open","ping_status":"open","sticky":false,"template":"","format":"standard","meta":{"colormag_page_container_layout":"default_layout","colormag_page_sidebar_layout":"default_layout","footnotes":""},"categories":[13],"tags":[],"class_list":["post-8172","post","type-post","status-publish","format-standard","hentry","category-veranstaltungen"],"_links":{"self":[{"href":"https:\/\/hier-luebeck.de\/index.php\/wp-json\/wp\/v2\/posts\/8172","targetHints":{"allow":["GET"]}}],"collection":[{"href":"https:\/\/hier-luebeck.de\/index.php\/wp-json\/wp\/v2\/posts"}],"about":[{"href":"https:\/\/hier-luebeck.de\/index.php\/wp-json\/wp\/v2\/types\/post"}],"author":[{"embeddable":true,"href":"https:\/\/hier-luebeck.de\/index.php\/wp-json\/wp\/v2\/users\/3"}],"replies":[{"embeddable":true,"href":"https:\/\/hier-luebeck.de\/index.php\/wp-json\/wp\/v2\/comments?post=8172"}],"version-history":[{"count":0,"href":"https:\/\/hier-luebeck.de\/index.php\/wp-json\/wp\/v2\/posts\/8172\/revisions"}],"wp:attachment":[{"href":"https:\/\/hier-luebeck.de\/index.php\/wp-json\/wp\/v2\/media?parent=8172"}],"wp:term":[{"taxonomy":"category","embeddable":true,"href":"https:\/\/hier-luebeck.de\/index.php\/wp-json\/wp\/v2\/categories?post=8172"},{"taxonomy":"post_tag","embeddable":true,"href":"https:\/\/hier-luebeck.de\/index.php\/wp-json\/wp\/v2\/tags?post=8172"}],"curies":[{"name":"wp","href":"https:\/\/api.w.org\/{rel}","templated":true}]}}