{"id":8233,"date":"2009-03-25T16:57:00","date_gmt":"2009-03-25T16:57:00","guid":{"rendered":"http:\/\/testserver\/wordpress\/?p=8133"},"modified":"2009-03-25T16:57:00","modified_gmt":"2009-03-25T16:57:00","slug":"wohnangebote_fr_ltere_menschen_werden_vorgestellt","status":"publish","type":"post","link":"https:\/\/hier-luebeck.de\/index.php\/wohnangebote_fr_ltere_menschen_werden_vorgestellt\/","title":{"rendered":"Wohnangebote f\u00fcr \u00e4ltere Menschen werden vorgestellt"},"content":{"rendered":"<p><img decoding=\"async\" title=\"HLLogo\" src=\"http:\/\/www.hier-luebeck.de\/images\/topics\/HLLogo.jpg\" alt=\"HLLogo\" \/><br \/>\nSeniorenbeirat, Wohnungswirtschaft und Stadt laden am 1. April zur Infoveranstaltung<br \/>\nDie Nachfrage nach bezahlbaren und altengerechten Wohnungen in L\u00fcbeck hat deutlich zugenommen. Ausf\u00fchrliche Informationen zu den L\u00fcbecker Angeboten sind am Mittwoch, 1. April 2009, von 11 bis 19 Uhr in der Gro\u00dfen und Kleinen B\u00f6rse im Rathaus erh\u00e4ltlich. Im Rahmen der Veranstaltung stellen Firmen der Wohnungswirtschaft, Planer und Akteure an ihren St\u00e4nden den Besuchern umfassend ihre Konzepte und konkreten Angebote von Wohnungen f\u00fcr \u00c4ltere vor. <!--more-->Dabei liegt der Schwerpunkt auf bezahlbaren seniorengerechten Wohnungen sowie gef\u00f6rderten und nichtgef\u00f6rderten, aber bezahlbaren Mietwohnungen.<br \/>\nOrganisiert wird die Informationsveranstaltung vom Seniorenbeirat der Hansestadt L\u00fcbeck in Kooperation mit dem Bereich Soziale Sicherung der Hansestadt L\u00fcbeck und der L\u00fcbecker Wohnungswirtschaft. Die Idee f\u00fcr diese Veranstaltung kommt einerseits von den \u00e4lteren Menschen, die h\u00e4ufig die Frage nach bezahlbarem altengerechtem Wohnraum an den Seniorenbeirat richten. Andererseits ist diese Veranstaltung eine der ersten praktischen Konsequenzen des Gesamtkonzeptes der Hansestadt L\u00fcbeck &#8222;Leben und Wohnen im Alter&#8220;.<br \/>\nMatthias Wulf, Abteilungsleiter Bereich Pers\u00f6nliche Hilfen, Seniorenangelegenheiten, und Karl- Theodor Junge, Vorsitzender des Seniorenbeirates, werden die Informationsveranstaltung um 11 Uhr offiziell er\u00f6ffnen. Der Eintritt ist frei.<br \/>\nNeben Vertretern des Bereichs Soziale Sicherung und des Seniorenbeirats sind folgende Akteure der Wohnungswirtschaft vor Ort:<br \/>\n* Architekten Stadie + Stadie<br \/>\n* Faehrhof Wohnmodell<br \/>\n* Gemeinn\u00fctziger L\u00fcbecker Bauverein Genossenschaft Hintern H\u00f6fen<br \/>\n* Grundst\u00fccks.-Ges. &#8222;Trave&#8220; mbH <br \/>\n* Gruppe f\u00fcr Mehrgenerationen-Wohnenprojekt <br \/>\n* Institut f\u00fcr Neues Wohnen<br \/>\n* Neue L\u00fcbecker Norddt. Baugenossenschaft e.G.<br \/>\n* Nordiska-Haus GmbH<br \/>\n* Wohnungsbaugesellschaft mbH Th. Semmelhaack<br \/>\n* Baugesch\u00e4ft Udo Wagner<\/p>\n","protected":false},"excerpt":{"rendered":"<p>Seniorenbeirat, Wohnungswirtschaft und Stadt laden am 1. April zur Infoveranstaltung Die Nachfrage nach bezahlbaren und altengerechten Wohnungen in L\u00fcbeck hat<\/p>\n","protected":false},"author":3,"featured_media":0,"comment_status":"open","ping_status":"open","sticky":false,"template":"","format":"standard","meta":{"colormag_page_container_layout":"default_layout","colormag_page_sidebar_layout":"default_layout","footnotes":""},"categories":[13],"tags":[],"class_list":["post-8233","post","type-post","status-publish","format-standard","hentry","category-veranstaltungen"],"_links":{"self":[{"href":"https:\/\/hier-luebeck.de\/index.php\/wp-json\/wp\/v2\/posts\/8233","targetHints":{"allow":["GET"]}}],"collection":[{"href":"https:\/\/hier-luebeck.de\/index.php\/wp-json\/wp\/v2\/posts"}],"about":[{"href":"https:\/\/hier-luebeck.de\/index.php\/wp-json\/wp\/v2\/types\/post"}],"author":[{"embeddable":true,"href":"https:\/\/hier-luebeck.de\/index.php\/wp-json\/wp\/v2\/users\/3"}],"replies":[{"embeddable":true,"href":"https:\/\/hier-luebeck.de\/index.php\/wp-json\/wp\/v2\/comments?post=8233"}],"version-history":[{"count":0,"href":"https:\/\/hier-luebeck.de\/index.php\/wp-json\/wp\/v2\/posts\/8233\/revisions"}],"wp:attachment":[{"href":"https:\/\/hier-luebeck.de\/index.php\/wp-json\/wp\/v2\/media?parent=8233"}],"wp:term":[{"taxonomy":"category","embeddable":true,"href":"https:\/\/hier-luebeck.de\/index.php\/wp-json\/wp\/v2\/categories?post=8233"},{"taxonomy":"post_tag","embeddable":true,"href":"https:\/\/hier-luebeck.de\/index.php\/wp-json\/wp\/v2\/tags?post=8233"}],"curies":[{"name":"wp","href":"https:\/\/api.w.org\/{rel}","templated":true}]}}