{"id":8261,"date":"2009-04-01T10:55:57","date_gmt":"2009-04-01T10:55:57","guid":{"rendered":"http:\/\/testserver\/wordpress\/?p=8161"},"modified":"2009-04-01T10:55:57","modified_gmt":"2009-04-01T10:55:57","slug":"justizminister_uwe_dring_wrdigt_justizvollzugsanstalt_lbeck_fr_ihre_gute_arbeit_im_modernen_strafvollzug","status":"publish","type":"post","link":"https:\/\/hier-luebeck.de\/index.php\/justizminister_uwe_dring_wrdigt_justizvollzugsanstalt_lbeck_fr_ihre_gute_arbeit_im_modernen_strafvollzug\/","title":{"rendered":"Justizminister Uwe D\u00f6ring w\u00fcrdigt Justizvollzugsanstalt L\u00fcbeck f\u00fcr ihre gute Arbeit im modernen Strafvollzug"},"content":{"rendered":"<p><img decoding=\"async\" title=\"SHLogoWappen\" src=\"http:\/\/www.hier-luebeck.de\/images\/topics\/SHLogoWappen.jpg\" alt=\"SHLogoWappen\" \/><br \/>\nL\u00fcbeck &#8211; Justizminister Uwe D\u00f6ring hat heute (1. April) die Justizvollzugsanstalt L\u00fcbeck f\u00fcr ihre herausragende Arbeit im Bereich des modernen Strafvollzugs gew\u00fcrdigt. &#8222;Die insgesamt 322 Mitarbeiterinnen und Mitarbeiter der JVA L\u00fcbeck leisten auch unter schwierigen Bedingungen eine professionelle und engagierte Arbeit bei der Betreuung der Gefangenen&#8220;, sagte D\u00f6ring in L\u00fcbeck anl\u00e4sslich der Feier zum 100-j\u00e4hrigen Bestehen der Justizvollzugsanstalt. <!--more-->Die zwischen 1906 und 1909 errichtete Justizvollzugsanstalt sei mit 561 Haftpl\u00e4tzen, davon 84 Pl\u00e4tze f\u00fcr Frauen, nicht nur die gr\u00f6\u00dfte JVA des Landes, sondern geh\u00f6re im Bereich des modernen Strafvollzugs zu den fortschrittlichen Einrichtungen in Deutschland. <\/p>\n<p>In der JVA L\u00fcbeck sind vor allem Gefangene mit langen Haftstrafen untergebracht. Aktuell verb\u00fc\u00dfen 286 Insassen eine Freiheitsstrafe von mehr als f\u00fcnf Jahren. &#8222;Gerade um die Gefangenen mit l\u00e4ngeren Haftstrafen k\u00fcmmern wir uns mit einem besonders intensiven Betreuungsangebot&#8220;, betonte D\u00f6ring. Nach seinen Worten stehen in der JVA L\u00fcbeck unter anderem f\u00fcnf Psychologinnen und Psychologen sowohl f\u00fcr die Gefangenen des geschlossenen und offenen Vollzuges als auch f\u00fcr die Beratung der Bediensteten im Umgang mit den Gefangenen zur Verf\u00fcgung. Zus\u00e4tzlich sind in der Anstalt externe Psychologen, die von freien Tr\u00e4gern gestellt werden, mit der Behandlung von Gefangenen beauftragt. <\/p>\n<p>Eine weitere Besonderheit der Anstalt sei zudem die Einrichtung einer Sozialtherapie. Hier werden von drei hauptamtlichen Psychologen international anerkannte Therapieverfahren f\u00fcr die Behandlung von Gewalt- und Sexualstraft\u00e4tern angewandt. Insgesamt k\u00f6nnen 39 Gefangene in der Sozialtherapie untergebracht werden. F\u00fcr eine therapeutische Behandlung nach der Haftentlassung wird zurzeit in L\u00fcbeck eine Nachsorgeambulanz aufgebaut. Diese wird eng mit der Bew\u00e4hrungshilfe, den Psychologen des Vollzuges und einem freien Tr\u00e4ger vor Ort, der auch andere Problemlage von Gefangenen bearbeiten kann, zusammenarbeiten. <\/p>\n<p>Die Nachsorgeeinrichtung wird nach Worten von D\u00f6ring noch in diesem Jahr aufgebaut und sei damit eine der ersten Einrichtungen dieser Art im Bundesgebiet. Zurzeit werden zudem Bew\u00e4hrungshelferinnen und Bew\u00e4hrungshelfer in dem Vertiefungsgebiet &#8222;Behandlung von Sexualstraft\u00e4tern&#8220; spezialisiert. Auch mit dieser Fortbildung ist Schleswig-Holstein mit eines der ersten L\u00e4nder. <\/p>\n<p>Der Minister wies zudem darauf hin, dass die JVA in den vergangenen Jahrzehnten st\u00e4ndig erweitert und modernisiert worden ist.  In den Jahren 2006 und 2007 ist &#8211; wie f\u00fcr alle Anstalten in Schleswig-Holstein &#8211; nach einer Bestandsaufnahme aller Geb\u00e4ude eine Gesamtplanung der Anstalt f\u00fcr die n\u00e4chste Jahrzehnte aufgestellt worden. Dar\u00fcber hinaus wurde die 4,50 m hohe und 100 Jahre alte Mauer durch eine 6 m hohe und 1,1 km lange Umwehrung ersetzt. Geplant ist auch die Neuerrichtung der Pforte mit integrierter Sicherheitszentrale an einer anderen Stelle auf dem Anstaltsgel\u00e4nde. Die hohen Anforderungen an die Sicherheit in einer Vollzugsanstalt L\u00fcbeck haben diese Ma\u00dfnahmen erforderlich gemacht. Ferner sind mehrere Unterkunfts-, Arbeits- und Versorgungsbereiche f\u00fcr eine Neuerrichtung \u00fcberplant worden.<\/p>\n","protected":false},"excerpt":{"rendered":"<p>L\u00fcbeck &#8211; Justizminister Uwe D\u00f6ring hat heute (1. April) die Justizvollzugsanstalt L\u00fcbeck f\u00fcr ihre herausragende Arbeit im Bereich des modernen<\/p>\n","protected":false},"author":3,"featured_media":0,"comment_status":"open","ping_status":"open","sticky":false,"template":"","format":"standard","meta":{"colormag_page_container_layout":"default_layout","colormag_page_sidebar_layout":"default_layout","footnotes":""},"categories":[5],"tags":[],"class_list":["post-8261","post","type-post","status-publish","format-standard","hentry","category-politik-wirtschaft"],"_links":{"self":[{"href":"https:\/\/hier-luebeck.de\/index.php\/wp-json\/wp\/v2\/posts\/8261","targetHints":{"allow":["GET"]}}],"collection":[{"href":"https:\/\/hier-luebeck.de\/index.php\/wp-json\/wp\/v2\/posts"}],"about":[{"href":"https:\/\/hier-luebeck.de\/index.php\/wp-json\/wp\/v2\/types\/post"}],"author":[{"embeddable":true,"href":"https:\/\/hier-luebeck.de\/index.php\/wp-json\/wp\/v2\/users\/3"}],"replies":[{"embeddable":true,"href":"https:\/\/hier-luebeck.de\/index.php\/wp-json\/wp\/v2\/comments?post=8261"}],"version-history":[{"count":0,"href":"https:\/\/hier-luebeck.de\/index.php\/wp-json\/wp\/v2\/posts\/8261\/revisions"}],"wp:attachment":[{"href":"https:\/\/hier-luebeck.de\/index.php\/wp-json\/wp\/v2\/media?parent=8261"}],"wp:term":[{"taxonomy":"category","embeddable":true,"href":"https:\/\/hier-luebeck.de\/index.php\/wp-json\/wp\/v2\/categories?post=8261"},{"taxonomy":"post_tag","embeddable":true,"href":"https:\/\/hier-luebeck.de\/index.php\/wp-json\/wp\/v2\/tags?post=8261"}],"curies":[{"name":"wp","href":"https:\/\/api.w.org\/{rel}","templated":true}]}}