{"id":8262,"date":"2009-04-01T11:19:27","date_gmt":"2009-04-01T11:19:27","guid":{"rendered":"http:\/\/testserver\/wordpress\/?p=8162"},"modified":"2009-04-01T11:19:27","modified_gmt":"2009-04-01T11:19:27","slug":"cdukreisvorstand_tagt_beim_vfb","status":"publish","type":"post","link":"https:\/\/hier-luebeck.de\/index.php\/cdukreisvorstand_tagt_beim_vfb\/","title":{"rendered":"CDU-Kreisvorstand tagt beim VfB"},"content":{"rendered":"<p><img decoding=\"async\" title=\"CDUVfBLogo\" src=\"http:\/\/www.hier-luebeck.de\/images\/topics\/CDUVfBLogo.jpg\" alt=\"CDUVfBLogo\" \/><br \/>\nDer erweiterte Kreisvorstand der L\u00fcbecker CDU tagt am 2. April 2009 auf der Lohm\u00fchle beim VfB L\u00fcbeck. Die Veranstaltung findet im Restaurant der Haupttrib\u00fcne statt. Die CDU m\u00f6chte damit ein klares Signal der Verbundenheit mit dem VfB L\u00fcbeck  setzen.<!--more-->Das Pr\u00e4sident des VfB L\u00fcbeck, Herr Wolfgang Piest, wird die Mitglieder des erweiterten Kreisvorstandes der L\u00fcbecker CDU begr\u00fc\u00dfen und  \u00fcber die aktuelle Situation  des VfB sowie \u00fcber geplante Projekte berichten. Anschlie\u00dfend ist hier\u00fcber eine Aussprache vorgesehen.<\/p>\n<p>Danach wird die Sitzung des Kreisvorstandes gem\u00e4\u00df Tagesordnung, wie vorgesehen, durch gef\u00fchrt.   <\/p>\n<p>Der sportliche Erfolg des VfB L\u00fcbeck ist von gro\u00dfem Wert f\u00fcr das Ansehen der Hansestadt als Sportstadt in Schleswig-Holstein und dar\u00fcber hinaus.<br \/>\nIn diesem Sinne ist der VfB ein nicht zu untersch\u00e4tzender positiver Imagetr\u00e4ger der Hansestadt.   <\/p>\n<p>Deshalb wird die L\u00fcbecker CDU den VfB L\u00fcbeck beim Erreichen seiner  Ziele auch weiterhin tatkr\u00e4ftig unterst\u00fctzen.<\/p>\n","protected":false},"excerpt":{"rendered":"<p>Der erweiterte Kreisvorstand der L\u00fcbecker CDU tagt am 2. April 2009 auf der Lohm\u00fchle beim VfB L\u00fcbeck. Die Veranstaltung findet<\/p>\n","protected":false},"author":3,"featured_media":0,"comment_status":"open","ping_status":"open","sticky":false,"template":"","format":"standard","meta":{"colormag_page_container_layout":"default_layout","colormag_page_sidebar_layout":"default_layout","footnotes":""},"categories":[5],"tags":[],"class_list":["post-8262","post","type-post","status-publish","format-standard","hentry","category-politik-wirtschaft"],"_links":{"self":[{"href":"https:\/\/hier-luebeck.de\/index.php\/wp-json\/wp\/v2\/posts\/8262","targetHints":{"allow":["GET"]}}],"collection":[{"href":"https:\/\/hier-luebeck.de\/index.php\/wp-json\/wp\/v2\/posts"}],"about":[{"href":"https:\/\/hier-luebeck.de\/index.php\/wp-json\/wp\/v2\/types\/post"}],"author":[{"embeddable":true,"href":"https:\/\/hier-luebeck.de\/index.php\/wp-json\/wp\/v2\/users\/3"}],"replies":[{"embeddable":true,"href":"https:\/\/hier-luebeck.de\/index.php\/wp-json\/wp\/v2\/comments?post=8262"}],"version-history":[{"count":0,"href":"https:\/\/hier-luebeck.de\/index.php\/wp-json\/wp\/v2\/posts\/8262\/revisions"}],"wp:attachment":[{"href":"https:\/\/hier-luebeck.de\/index.php\/wp-json\/wp\/v2\/media?parent=8262"}],"wp:term":[{"taxonomy":"category","embeddable":true,"href":"https:\/\/hier-luebeck.de\/index.php\/wp-json\/wp\/v2\/categories?post=8262"},{"taxonomy":"post_tag","embeddable":true,"href":"https:\/\/hier-luebeck.de\/index.php\/wp-json\/wp\/v2\/tags?post=8262"}],"curies":[{"name":"wp","href":"https:\/\/api.w.org\/{rel}","templated":true}]}}