{"id":82727,"date":"2013-03-17T17:07:15","date_gmt":"2013-03-17T16:07:15","guid":{"rendered":"http:\/\/www.hier-luebeck.de\/?p=82727"},"modified":"2013-03-17T17:07:15","modified_gmt":"2013-03-17T16:07:15","slug":"wahl-von-reimer-boge-zum-cdu-landesvorsitzenden-der-richtige-mann","status":"publish","type":"post","link":"https:\/\/hier-luebeck.de\/index.php\/wahl-von-reimer-boge-zum-cdu-landesvorsitzenden-der-richtige-mann\/","title":{"rendered":"Wahl von Reimer B\u00f6ge zum CDU-Landesvorsitzenden: Der richtige Mann"},"content":{"rendered":"<div>\n<div>\n<p><span style=\"font-size: small;\"><span style=\"font-family: Verdana;\"><strong>Die Junge Union Schleswig-Holstein gratuliert Reimer B\u00f6ge, MdEP, zu seiner Wahl zum Vorsitzenden der CDU Schleswig-Holstein. Der Landesvorsitzende Frederik Heinz erkl\u00e4rt: <\/strong>\u201eDas Traumergebnis von 98,56% beweist, dass Reimer B\u00f6ge der richtige Mann f\u00fcr die aktuellen Herausforderungen der Landespartei ist. Er wird der CDU in den kommenden Jahren mit seiner unpr\u00e4tenti\u00f6sen, anpackenden Art die Ruhe und Kraft f\u00fcr eine innere Reform geben. Auch gratulieren wir Heike Franzen und Natalina Boenigk zu ihren Wahlen zur neuen stellvertretenden Vorsitzenden bzw. zur Beisitzerin herzlich.<!--more--><\/span><\/span><span style=\"font-size: small;\"><span style=\"font-family: Verdana;\">Besonders freue ich mich, dass unsere Sachantr\u00e4ge so gro\u00dfe Zustimmung gefunden haben. Dass sich unser Landesverband gegen das gerade beschlossene Leistungsschutzgesetz ausspricht, zeigt, dass die CDU Schleswig-Holstein eine Partei ist, die die Dynamik des Internets als Chance sieht und einen ordnungspolitisch fragw\u00fcrdigen Protektionismus zugunsten der Verlage ablehnt.\u201c <\/span><\/span><\/p>\n<p><span style=\"font-family: Verdana;\">Die JU hatte Reimer B\u00f6ge bereits auf ihrer Winter Academy Anfang Februar f\u00fcr den CDU-Landesvorsitz nominiert.<\/span><\/div>\n<\/div>\n","protected":false},"excerpt":{"rendered":"<p>Die Junge Union Schleswig-Holstein gratuliert Reimer B\u00f6ge, MdEP, zu seiner Wahl zum Vorsitzenden der CDU Schleswig-Holstein. Der Landesvorsitzende Frederik Heinz<\/p>\n","protected":false},"author":3,"featured_media":0,"comment_status":"open","ping_status":"open","sticky":false,"template":"","format":"standard","meta":{"colormag_page_container_layout":"default_layout","colormag_page_sidebar_layout":"default_layout","footnotes":""},"categories":[5],"tags":[10207],"class_list":["post-82727","post","type-post","status-publish","format-standard","hentry","category-politik-wirtschaft","tag-wahl-von-reimer-boge-zum-cdu-landesvorsitzenden-der-richtige-mann"],"_links":{"self":[{"href":"https:\/\/hier-luebeck.de\/index.php\/wp-json\/wp\/v2\/posts\/82727","targetHints":{"allow":["GET"]}}],"collection":[{"href":"https:\/\/hier-luebeck.de\/index.php\/wp-json\/wp\/v2\/posts"}],"about":[{"href":"https:\/\/hier-luebeck.de\/index.php\/wp-json\/wp\/v2\/types\/post"}],"author":[{"embeddable":true,"href":"https:\/\/hier-luebeck.de\/index.php\/wp-json\/wp\/v2\/users\/3"}],"replies":[{"embeddable":true,"href":"https:\/\/hier-luebeck.de\/index.php\/wp-json\/wp\/v2\/comments?post=82727"}],"version-history":[{"count":2,"href":"https:\/\/hier-luebeck.de\/index.php\/wp-json\/wp\/v2\/posts\/82727\/revisions"}],"predecessor-version":[{"id":82729,"href":"https:\/\/hier-luebeck.de\/index.php\/wp-json\/wp\/v2\/posts\/82727\/revisions\/82729"}],"wp:attachment":[{"href":"https:\/\/hier-luebeck.de\/index.php\/wp-json\/wp\/v2\/media?parent=82727"}],"wp:term":[{"taxonomy":"category","embeddable":true,"href":"https:\/\/hier-luebeck.de\/index.php\/wp-json\/wp\/v2\/categories?post=82727"},{"taxonomy":"post_tag","embeddable":true,"href":"https:\/\/hier-luebeck.de\/index.php\/wp-json\/wp\/v2\/tags?post=82727"}],"curies":[{"name":"wp","href":"https:\/\/api.w.org\/{rel}","templated":true}]}}