{"id":82766,"date":"2013-03-18T10:35:08","date_gmt":"2013-03-18T10:35:08","guid":{"rendered":"http:\/\/www.hier-luebeck.de\/2013\/03\/lka-sh-hauptamtlicher-lka-pressesprecher-meldet-sich-zuruck\/"},"modified":"2013-03-18T10:35:08","modified_gmt":"2013-03-18T10:35:08","slug":"lka-sh-hauptamtlicher-lka-pressesprecher-meldet-sich-zuruck","status":"publish","type":"post","link":"https:\/\/hier-luebeck.de\/index.php\/lka-sh-hauptamtlicher-lka-pressesprecher-meldet-sich-zuruck\/","title":{"rendered":"LKA-SH: Hauptamtlicher LKA Pressesprecher meldet sich zur\u00fcck"},"content":{"rendered":"<p>Kiel (ots) &#8211; Liebe Medienvertreter,     nach meiner halbj\u00e4hrlichen Umsetzungsphase melde ich mich als  hauptamtlicher Pressesprecher des Landeskriminalamtes  Schleswig-Holstein zur\u00fcck. Die Vertretung w\u00e4hrend meiner zuk\u00fcnftigen  Urlaubs- und Abwesenheitszeiten wird weiterhin durch die  nebenamtlichen Pressesprecher des LKA wahrgenommen werden.<!--more-->     Stefan Jung     R\u00fcckfragen bitte an: Landeskriminalamt Schleswig-Holstein Stefan Jung Telefon: 0431\/160-4050 E-Mail: Presse.Kiel.LKA@Polizei.LandSH.de<\/p>\n<p>Quelle: <a href=\"http:\/\/www.presseportal.de\/polizeipresse\/pm\/2256\/2435176\/lka-sh-hauptamtlicher-lka-pressesprecher-meldet-sich-zurueck\/api\" target=\"_blank\">presseportal.de<\/a><\/p>\n","protected":false},"excerpt":{"rendered":"<p>Kiel (ots) &#8211; Liebe Medienvertreter, nach meiner halbj\u00e4hrlichen Umsetzungsphase melde ich mich als hauptamtlicher Pressesprecher des Landeskriminalamtes Schleswig-Holstein zur\u00fcck. Die<\/p>\n","protected":false},"author":3,"featured_media":0,"comment_status":"open","ping_status":"open","sticky":false,"template":"","format":"standard","meta":{"colormag_page_container_layout":"default_layout","colormag_page_sidebar_layout":"default_layout","footnotes":""},"categories":[20],"tags":[],"class_list":["post-82766","post","type-post","status-publish","format-standard","hentry","category-besondere-neuigkeiten"],"_links":{"self":[{"href":"https:\/\/hier-luebeck.de\/index.php\/wp-json\/wp\/v2\/posts\/82766","targetHints":{"allow":["GET"]}}],"collection":[{"href":"https:\/\/hier-luebeck.de\/index.php\/wp-json\/wp\/v2\/posts"}],"about":[{"href":"https:\/\/hier-luebeck.de\/index.php\/wp-json\/wp\/v2\/types\/post"}],"author":[{"embeddable":true,"href":"https:\/\/hier-luebeck.de\/index.php\/wp-json\/wp\/v2\/users\/3"}],"replies":[{"embeddable":true,"href":"https:\/\/hier-luebeck.de\/index.php\/wp-json\/wp\/v2\/comments?post=82766"}],"version-history":[{"count":0,"href":"https:\/\/hier-luebeck.de\/index.php\/wp-json\/wp\/v2\/posts\/82766\/revisions"}],"wp:attachment":[{"href":"https:\/\/hier-luebeck.de\/index.php\/wp-json\/wp\/v2\/media?parent=82766"}],"wp:term":[{"taxonomy":"category","embeddable":true,"href":"https:\/\/hier-luebeck.de\/index.php\/wp-json\/wp\/v2\/categories?post=82766"},{"taxonomy":"post_tag","embeddable":true,"href":"https:\/\/hier-luebeck.de\/index.php\/wp-json\/wp\/v2\/tags?post=82766"}],"curies":[{"name":"wp","href":"https:\/\/api.w.org\/{rel}","templated":true}]}}