{"id":82781,"date":"2013-03-18T10:51:30","date_gmt":"2013-03-18T10:51:30","guid":{"rendered":"http:\/\/www.hier-luebeck.de\/2013\/03\/pol-hl-hansestadt-lubeck-kreis-ostholstein-einladung-zu-einem-pressegesprach-bekanntgabe-der-polizeilichen-kriminalstatistik-2012\/"},"modified":"2013-03-18T10:51:30","modified_gmt":"2013-03-18T10:51:30","slug":"pol-hl-hansestadt-lubeck-kreis-ostholstein-einladung-zu-einem-pressegesprach-bekanntgabe-der-polizeilichen-kriminalstatistik-2012","status":"publish","type":"post","link":"https:\/\/hier-luebeck.de\/index.php\/pol-hl-hansestadt-lubeck-kreis-ostholstein-einladung-zu-einem-pressegesprach-bekanntgabe-der-polizeilichen-kriminalstatistik-2012\/","title":{"rendered":"POL-HL: Hansestadt L\u00fcbeck\/ Kreis Ostholstein   \/\nEinladung zu einem Pressegespr\u00e4ch &#8211;\nBekanntgabe der Polizeilichen Kriminalstatistik 2012"},"content":{"rendered":"<p>L\u00fcbeck (ots) &#8211; Sehr geehrte Medienvertreterinnen und  Medienvertreter,     hiermit l\u00e4dt die Polizeidirektion L\u00fcbeck herzlich zu einem  Pressegespr\u00e4ch ein, bei dem die Polizeiliche Kriminalstatistik 2012  f\u00fcr die Bereiche L\u00fcbeck und Ostholstein durch den Beh\u00f6rdenleiter,  Leitender Polizeidirektor Herrn Heiko H\u00fcttmann, die Herren  Kriminaldirektoren Michael S\u00f6rensen und Jochen Berndt und <!--more-->den Oberrat aus Eutin, Herrn Oliver Malchow, vorgestellt wird.     Zeit: Mittwoch, 20. M\u00e4rz 2013, um 14.00 Uhr     Ort:  23560 L\u00fcbeck, Possehlstra\u00dfe 4, Beh\u00f6rdenhochhaus, 8. OG     Au\u00dferdem ist der &#8222;Wei\u00dfe Ring&#8220; durch die Herren Detlef Hardt  (Vorsitzender) und Helmut Peters vertreten, welche die  Jahresstatistik 2012 der Opferschutzorganisation ver\u00f6ffentlichen.     Eine Anmeldung unter der Rufnummer 0451-131 2015 ist  w\u00fcnschenswert.     R\u00fcckfragen bitte an:  Polizeidirektion L\u00fcbeck Anett Dittmer Telefon: 0451-131 2015\u00a0 E-Mail: pressestelle.luebeck.pd@polizei.landsh.de<\/p>\n<p>Quelle: <a href=\"http:\/\/www.presseportal.de\/polizeipresse\/pm\/43738\/2435189\/pol-hl-hansestadt-luebeck-kreis-ostholstein-einladung-zu-einem-pressegespraech-bekanntgabe-der\/api\" target=\"_blank\">presseportal.de<\/a><\/p>\n","protected":false},"excerpt":{"rendered":"<p>L\u00fcbeck (ots) &#8211; Sehr geehrte Medienvertreterinnen und Medienvertreter, hiermit l\u00e4dt die Polizeidirektion L\u00fcbeck herzlich zu einem Pressegespr\u00e4ch ein, bei dem<\/p>\n","protected":false},"author":3,"featured_media":0,"comment_status":"open","ping_status":"open","sticky":false,"template":"","format":"standard","meta":{"colormag_page_container_layout":"default_layout","colormag_page_sidebar_layout":"default_layout","footnotes":""},"categories":[20],"tags":[],"class_list":["post-82781","post","type-post","status-publish","format-standard","hentry","category-besondere-neuigkeiten"],"_links":{"self":[{"href":"https:\/\/hier-luebeck.de\/index.php\/wp-json\/wp\/v2\/posts\/82781","targetHints":{"allow":["GET"]}}],"collection":[{"href":"https:\/\/hier-luebeck.de\/index.php\/wp-json\/wp\/v2\/posts"}],"about":[{"href":"https:\/\/hier-luebeck.de\/index.php\/wp-json\/wp\/v2\/types\/post"}],"author":[{"embeddable":true,"href":"https:\/\/hier-luebeck.de\/index.php\/wp-json\/wp\/v2\/users\/3"}],"replies":[{"embeddable":true,"href":"https:\/\/hier-luebeck.de\/index.php\/wp-json\/wp\/v2\/comments?post=82781"}],"version-history":[{"count":0,"href":"https:\/\/hier-luebeck.de\/index.php\/wp-json\/wp\/v2\/posts\/82781\/revisions"}],"wp:attachment":[{"href":"https:\/\/hier-luebeck.de\/index.php\/wp-json\/wp\/v2\/media?parent=82781"}],"wp:term":[{"taxonomy":"category","embeddable":true,"href":"https:\/\/hier-luebeck.de\/index.php\/wp-json\/wp\/v2\/categories?post=82781"},{"taxonomy":"post_tag","embeddable":true,"href":"https:\/\/hier-luebeck.de\/index.php\/wp-json\/wp\/v2\/tags?post=82781"}],"curies":[{"name":"wp","href":"https:\/\/api.w.org\/{rel}","templated":true}]}}