{"id":82782,"date":"2013-03-18T12:39:38","date_gmt":"2013-03-18T12:39:38","guid":{"rendered":"http:\/\/www.hier-luebeck.de\/2013\/03\/pol-se-halstenbek-festnahme-nach-rauberischem-diebstahl\/"},"modified":"2013-03-18T12:39:38","modified_gmt":"2013-03-18T12:39:38","slug":"pol-se-halstenbek-festnahme-nach-rauberischem-diebstahl","status":"publish","type":"post","link":"https:\/\/hier-luebeck.de\/index.php\/pol-se-halstenbek-festnahme-nach-rauberischem-diebstahl\/","title":{"rendered":"POL-SE: Halstenbek: Festnahme nach r\u00e4uberischem Diebstahl"},"content":{"rendered":"<p>Halstenbek: (ots) &#8211; Die Polizei hat gestern Abend im Rahmen einer  Sofortfahndung einen 26-j\u00e4hrigen Halstenbeker festgenommen. Dieser  hatte zuvor bei der Shell-Tankstelle in der Hartkirchener Chaussee  Getr\u00e4nke gestohlen. Als der Angestellte den Dieb daraufhin  angesprochen hat und ihm nach drau\u00dfen gefolgt ist, hat der 26-J\u00e4hrige diesen mit einem Messer attackiert.<!--more-->     Der 21-j\u00e4hrige Angestellte beobachtete gegen 20.20 Uhr den  Diebstahl vom Kassenbereich aus. Der Dieb war trotz Ansprache mit den Getr\u00e4nken nach drau\u00dfen gegangen, weshalb der Angestellte ihm folgte.  Es kam  zun\u00e4chst zum Wortgefecht. Dann, so der Anzeigende, z\u00fcckte der Dieb pl\u00f6tzlich ein Messer und attackierte ihn damit. Er konnte  ausweichen, so dass er unverletzt blieb, schilderte der Gesch\u00e4digte  gegen\u00fcber der eingesetzten Polizei.     Mehrere Streifenwagen suchten nach dem dann gefl\u00fcchteten Mann.  Eine gute Personenbeschreibung lag vor und Zeugen hatten noch  gesehen, wie der Dieb durch die Bahnunterf\u00fchrung und dann links in  die Stra\u00dfe &#8222;Am Bahnhof&#8220; gelaufen war. Dort konnten Beamte aus  Rellingen den Gesuchten sichten. Weil der T\u00e4ter, der das Messer vor  sich nach vorne gerichtet trug, auf keine der Ansagen der Polizisten  reagierte und apathisch schien, \u00fcberw\u00e4ltigten die Beamten den Mann am Ende mit dem Einsatz des Schlagstockes, mit dem ihm das Messer aus  der Hand geschlagen wurde. Dann legten die Polizisten ihm  Handschellen an. Bei der Durchsuchung fanden sie ein weiteres Messer. Dem Festgenommen, mit dem kein Gespr\u00e4ch m\u00f6glich war und dessen Blick  ins Leere ging, wurde auf der Wache eine Blutprobe entnommen.  Atemalkohol war wahrnehmbar. Die Blutuntersuchung soll nun auch  kl\u00e4ren, ob der Beschuldigte zur Tatzeit unter Drogeneinfluss stand.     Zur Verhinderung weiterer Straftaten blieb der 26-J\u00e4hrige \u00fcber  Nacht im Polizeigewahrsam. Er wird sich vor Gericht f\u00fcr seine Tat  verantworten m\u00fcssen. Ein Strafverfahren ist eingeleitet.   ots Originaltext: Polizeidirektion Bad Segeberg Digitale Pressemappe: http:\/\/www.polizeipresse.de\/p_story.htx?firmaid=19027  R\u00fcckfragen bitte an:  Polizeidirektion Bad Segeberg &#8211; Pressestelle &#8211; Dorfstr. 16-18 23795 Bad Segeberg  Sandra Mohr Telefon: 04121-80190 371 Handy: 0160-93953921 E-Mail: sandra.mohr@polizei.landsh.de<\/p>\n<p>Quelle: <a href=\"http:\/\/www.presseportal.de\/polizeipresse\/pm\/19027\/2435355\/pol-se-halstenbek-festnahme-nach-raeuberischem-diebstahl\/api\" target=\"_blank\">presseportal.de<\/a><\/p>\n","protected":false},"excerpt":{"rendered":"<p>Halstenbek: (ots) &#8211; Die Polizei hat gestern Abend im Rahmen einer Sofortfahndung einen 26-j\u00e4hrigen Halstenbeker festgenommen. Dieser hatte zuvor bei<\/p>\n","protected":false},"author":3,"featured_media":0,"comment_status":"open","ping_status":"open","sticky":false,"template":"","format":"standard","meta":{"colormag_page_container_layout":"default_layout","colormag_page_sidebar_layout":"default_layout","footnotes":""},"categories":[20],"tags":[],"class_list":["post-82782","post","type-post","status-publish","format-standard","hentry","category-besondere-neuigkeiten"],"_links":{"self":[{"href":"https:\/\/hier-luebeck.de\/index.php\/wp-json\/wp\/v2\/posts\/82782","targetHints":{"allow":["GET"]}}],"collection":[{"href":"https:\/\/hier-luebeck.de\/index.php\/wp-json\/wp\/v2\/posts"}],"about":[{"href":"https:\/\/hier-luebeck.de\/index.php\/wp-json\/wp\/v2\/types\/post"}],"author":[{"embeddable":true,"href":"https:\/\/hier-luebeck.de\/index.php\/wp-json\/wp\/v2\/users\/3"}],"replies":[{"embeddable":true,"href":"https:\/\/hier-luebeck.de\/index.php\/wp-json\/wp\/v2\/comments?post=82782"}],"version-history":[{"count":0,"href":"https:\/\/hier-luebeck.de\/index.php\/wp-json\/wp\/v2\/posts\/82782\/revisions"}],"wp:attachment":[{"href":"https:\/\/hier-luebeck.de\/index.php\/wp-json\/wp\/v2\/media?parent=82782"}],"wp:term":[{"taxonomy":"category","embeddable":true,"href":"https:\/\/hier-luebeck.de\/index.php\/wp-json\/wp\/v2\/categories?post=82782"},{"taxonomy":"post_tag","embeddable":true,"href":"https:\/\/hier-luebeck.de\/index.php\/wp-json\/wp\/v2\/tags?post=82782"}],"curies":[{"name":"wp","href":"https:\/\/api.w.org\/{rel}","templated":true}]}}