{"id":8312,"date":"2009-04-16T09:16:16","date_gmt":"2009-04-16T09:16:16","guid":{"rendered":"http:\/\/testserver\/wordpress\/?p=8212"},"modified":"2009-04-16T09:16:16","modified_gmt":"2009-04-16T09:16:16","slug":"eutiner_festspiele_ausstellung_vom_22_april_bis_5_juni_2009","status":"publish","type":"post","link":"https:\/\/hier-luebeck.de\/index.php\/eutiner_festspiele_ausstellung_vom_22_april_bis_5_juni_2009\/","title":{"rendered":"Eutiner Festspiele: Ausstellung vom 22. April bis 5. Juni 2009"},"content":{"rendered":"<p><img decoding=\"async\" title=\"eutinerfestsp409\" src=\"http:\/\/www.hier-luebeck.de\/images\/topics\/eutinerfestsp409.jpg\" alt=\"eutinerfestsp409\" \/><br \/>\nAm 11. Juli er\u00f6ffnen die Eutiner Festspiele die diesj\u00e4hrige Spielzeit auf der Freilichtb\u00fchne mit der Premiere der Offenbach-Operette &#8222;Die Herzogin von Gerolstein&#8220;. Mit der kostenlosen Ausstellung &#8211; Vor-Schau zur Operette &#8211; &#8222;Die Gro\u00dfherzogin von Gerolstein&#8220; in der &#8222;Schloss-K\u00fcche&#8220; im Eutiner Schloss wollen die Festspiele vom 22. April bis 5. Juni 2009 Interessierte auf das B\u00fchnenwerk einstimmen. <!--more-->Das Werk wurde zur Weltausstellung 1867 in Paris vor 57 Monarchen uraufgef\u00fchrt. Darunter waren Napoleon III., Alexander von Russland sowie, als deutsche G\u00e4ste, K\u00f6nig Wilhelm von Preussen mit Kronprinz Wilhelm, Graf Moltke und F\u00fcrst Bismarck.  Die Offenbachsatire auf die deutschen Miniaturh\u00f6fe und Musikf\u00fcrsten am\u00fcsierte Bismarck sichtlich und best\u00e4tigte seine Meinung \u00fcber den Niedergang des franz\u00f6sischen Milit\u00e4rs. <\/p>\n<p>Die Ausstellung zeigt einen Querschnitt des Lebens und der Arbeiten Offenbachs und setzt gleichzeitig einen Bezug in die heutige Zeit. So hat sich das Opernleben im 19. Jahrhundert kaum zu dem im 21. Jahrhundert ge\u00e4ndert. Damals wie heute lautet im Foyer die wichtigste Frage des Tages: &#8222;Was tragen die Damen?&#8220; M\u00f6gen sich die Mode und die darin befindlichen Personen ge\u00e4ndert haben, der Grundtenor ist dergleiche: Sehen und gesehen werden. <\/p>\n<p>Die Original-Kost\u00fcme der Gro\u00dfherzogin, die am Theater Erfurt und im Hamburger Schauspielhaus in &#8222;Die Gro\u00dfherzogin von Gerolstein&#8220; verwandt wurden sind ebenso zu begutachten wie historische Uniformen. Ein weiterer Aspekt der &#8222;Vor-Schau&#8220; betrifft das Herzogtum, die Garnison und das Milit\u00e4rische &#8211; von damals bis heute. Auch, wenn die Operette in dem fiktiven Herzogtum Gerolstein spielt, und nichts mit der gleichnamigen Stadt in der Eifel zu tun hat, so gibt es viele <br \/>\nParallen zu Eutin, die eindrucksvoll vorgestellt werden. <\/p>\n<p>Die Ausstellung mit Bildern, alten Plakaten, Skizzen und Karikaturen ist ein buntes, begehbares Programmheft. &#8222;Sie macht neugierig auf Offenbach, seine Musik, seine Zeit, seine Weggef\u00e4hrten und auf die Eutiner Auff\u00fchrung,&#8220; erl\u00e4utert Martin Karl-Wagner, der f\u00fcr das Konzept und die Realisation der Ausstellung verantwortlich zeichnet. Die &#8222;Vor-Schau&#8220; ist bis zum 5. Juni, donnerstags und freitags zwischen 14 und 17 Uhr sowie an Wochenenden und Feiertagen von 11 bis 13 und 14 bis 17 Uhr ge\u00f6ffnet. Der Eintritt ist frei. <\/p>\n<p>59. Spielzeit <br \/>\nDer Gro\u00dfherzogin von Gerolstein von Jaques Offenbach <br \/>\nOperette in deutscher Sprache -Eutiner Erstauff\u00fchrung <\/p>\n<p>Premiere am 11. Juli 2009 um 20.00 Uhr <br \/>\nWeitere Auff\u00fchrungen: 19. Juli, 21. Juli (Familienvorstellung), 24. Juli, 26.Juli, <\/p>\n<p>28. Juli sowie 1. und 9. August 2009 <br \/>\nOtello von Giuseppe Verdi -Oper in italienischer Sprache <br \/>\nPremiere am  18. Juli 2009 um 20.00 Uhr  <br \/>\nWeitere Auff\u00fchrungen:  22. Juli (Familienvorstellung), 25. Juli, 31. Juli sowie  <br \/>\n2. und 7. August 2009  <\/p>\n<p>Der Barbier von Sevilla von Gioacchino Rossini Wiederaufnahme der Oper in deutscher Sprache <br \/>\nPremiere am 8. August 2009 um 19.30 Uhr Weitere Auff\u00fchrungen: 12., 15. und 16. August 2009 <\/p>\n<p>Eintrittspreise: <br \/>\nRegul\u00e4re Auff\u00fchrung: 11,00 &#8211; 49,00 Euro zzgl. 10 % Vorverkaufsgeb\u00fchr Familienvorstellung: 9,00 &#8211; 39,00 Euro zzgl. 10 % Vorverkaufsgeb\u00fchr <br \/>\nDer Freisch\u00fctz f\u00fcr Kinder von Carl-Maria von Weber -Eutiner Erstauff\u00fchrung <br \/>\nPremiere am 17. Aug. 2009 um 15 Uhr Weitere Auff\u00fchrungen: 18., 20. und 21. Aug. 2009 -jeweils 15.00 Uhr Eintrittspreise: Einheitspreis 10,00 Euro auf allen Pl\u00e4tzen <br \/>\nzzgl. 10 % Vorverkaufsgeb\u00fchr <br \/>\nOper im Schlossgarten <br \/>\nAm Schlossgarten 7 \u00b7 23701 Eutin <br \/>\nTel.: 04521\/800 10 \u00b7 Fax: 04521\/800 111<br \/>\n info@eutiner-festspiele.de  &#8211;  www.eutiner-festspiele.de <\/p>\n<p>Gala-Abend mit Kl\u00e4ngen aus Oper, Operette und Musical <br \/>\nTermine:  28., 29. Aug. 2009, jeweils 19.30 Uhr sowie  <br \/>\n30. August 2009 um 19.00 Uhr  <br \/>\nEintrittspreise:  22,00 &#8211; 54,00 Euro zzgl. 10 % Vorverkaufsgeb\u00fchr  <\/p>\n<p>N E U Festspiel-Abonnement: <br \/>\nMit dem Festspiel-Abonnement erhalten Sie 15 % Rabatt beim Kauf von mindestens je zwei Karten f\u00fcr drei verschiedene Produktionen zzgl. 10 % Vorverkaufsgeb\u00fchr. Ausgenommen ist der &#8222;Freisch\u00fctz f\u00fcr Kinder&#8220;. Das Festspiel-Abo ist exclusiv bei den <br \/>\nFestspielen und der Tourist-Info Eutin erh\u00e4ltlich. <br \/>\nRollstuhlpl\u00e4tze: \tGenerell 21 Euro zzgl. 10 % Vorverkaufsgeb\u00fchr <br \/>\nLast Minute: \t50 % Rabatt ab 15 Minuten f\u00fcr Vorstellungsbeginn f\u00fcr Sch\u00fcler und Studenten (bei Vorlage eines entsprechenden Ausweises) <\/p>\n<p>\nVorverkauf: <br \/>\nEutiner Festspiele GmbH Am Schlossgarten 7 23701 Eutin <br \/>\n\u00d6ffnungszeiten Montag &#8211; Freitag 10.00 &#8211; 13.00 Uhr Ticket-Hotline Telefon: 04521 \/ 800 10, Fax 04521 \/ 800 111 E-Mail info@eutiner-festspiele.de <\/p>\n<p>Ticket-Shop und Festspiel-Arrangements <br \/>\nTourist-Info Markt 19 23701 Eutin Telefon 04521 \/ 70 94 34 E-Mail ticketshop @eutin-tourismus.de <\/p>\n","protected":false},"excerpt":{"rendered":"<p>Am 11. Juli er\u00f6ffnen die Eutiner Festspiele die diesj\u00e4hrige Spielzeit auf der Freilichtb\u00fchne mit der Premiere der Offenbach-Operette &#8222;Die Herzogin<\/p>\n","protected":false},"author":3,"featured_media":0,"comment_status":"open","ping_status":"open","sticky":false,"template":"","format":"standard","meta":{"colormag_page_container_layout":"default_layout","colormag_page_sidebar_layout":"default_layout","footnotes":""},"categories":[13],"tags":[],"class_list":["post-8312","post","type-post","status-publish","format-standard","hentry","category-veranstaltungen"],"_links":{"self":[{"href":"https:\/\/hier-luebeck.de\/index.php\/wp-json\/wp\/v2\/posts\/8312","targetHints":{"allow":["GET"]}}],"collection":[{"href":"https:\/\/hier-luebeck.de\/index.php\/wp-json\/wp\/v2\/posts"}],"about":[{"href":"https:\/\/hier-luebeck.de\/index.php\/wp-json\/wp\/v2\/types\/post"}],"author":[{"embeddable":true,"href":"https:\/\/hier-luebeck.de\/index.php\/wp-json\/wp\/v2\/users\/3"}],"replies":[{"embeddable":true,"href":"https:\/\/hier-luebeck.de\/index.php\/wp-json\/wp\/v2\/comments?post=8312"}],"version-history":[{"count":0,"href":"https:\/\/hier-luebeck.de\/index.php\/wp-json\/wp\/v2\/posts\/8312\/revisions"}],"wp:attachment":[{"href":"https:\/\/hier-luebeck.de\/index.php\/wp-json\/wp\/v2\/media?parent=8312"}],"wp:term":[{"taxonomy":"category","embeddable":true,"href":"https:\/\/hier-luebeck.de\/index.php\/wp-json\/wp\/v2\/categories?post=8312"},{"taxonomy":"post_tag","embeddable":true,"href":"https:\/\/hier-luebeck.de\/index.php\/wp-json\/wp\/v2\/tags?post=8312"}],"curies":[{"name":"wp","href":"https:\/\/api.w.org\/{rel}","templated":true}]}}