{"id":8314,"date":"2009-04-16T09:39:11","date_gmt":"2009-04-16T09:39:11","guid":{"rendered":"http:\/\/testserver\/wordpress\/?p=8214"},"modified":"2009-04-16T09:39:11","modified_gmt":"2009-04-16T09:39:11","slug":"verleihung_des_erichmhsampreises_2009_an_gunter_demnig","status":"publish","type":"post","link":"https:\/\/hier-luebeck.de\/index.php\/verleihung_des_erichmhsampreises_2009_an_gunter_demnig\/","title":{"rendered":"Verleihung des Erich-M\u00fchsam-Preises 2009 an Gunter Demnig"},"content":{"rendered":"<p><img decoding=\"async\" title=\"HLWappen\" src=\"http:\/\/www.hier-luebeck.de\/images\/topics\/HLWappen.jpg\" alt=\"HLWappen\" \/><br \/>\nSonntag, 26. April 2009, 11 Uhr<br \/>\nBuddenbrookhaus, L\u00fcbeck<\/p>\n<p>Erich M\u00fchsam war politischer Aktivist, Publizist und Schriftsteller.  Er wurde im Jahr 1878 als Kind j\u00fcdischer Eltern in Berlin geboren und wuchs in L\u00fcbeck auf. Im Juli 1934 wurde er im KZ Oranienburg von den Nationalsozialisten ermordet.<!--more-->Im Gedanken an sein Werk verleiht die L\u00fcbecker Erich-M\u00fchsam-Gesellschaft e.V. seit 1993 alle zwei Jahre den Erich-M\u00fchsam-Preis. Ausgezeichnet werden Personen oder Gruppen, die &#8211; so die Jury &#8211; &#8222;die gesellschaftlichen Strukturen nicht als gegeben hinnehmen, sondern Kunst als Mittel zur Befreiung aus beengten geistigen, politischen und kulturellen Verh\u00e4ltnissen anwenden&#8220; und sich mit Zivilcourage und Idealismus f\u00fcr soziale Gerechtigkeit und verfolgte Minderheiten einsetzen. Der mit 2500 Euro dotierte Preis wird von dem L\u00fcbecker Galeristen und  Kunstsachverst\u00e4ndigen Frank-Thomas Gaulin gestiftet.<br \/>\nAm Sonntag, 26. April 2009, wird der K\u00fcnstler Gunter Demnig mit dem Erich-M\u00fchsam-Preis geehrt. Gunter Demnig erinnert an die Opfer der NS-Zeit, indem er vor ihrem letzten selbst gew\u00e4hlten Wohnort Gedenktafeln aus Messing in den B\u00fcrgersteig einl\u00e4sst. Inzwischen liegen solche &#8222;Stolpersteine&#8220; in mehr als 300 Orten in Deutschland, ebenso in \u00d6sterreich, Ungarn und in den Niederlanden.  Ein Stolperstein f\u00fcr Erich M\u00fchsam liegt vor dem L\u00fcbecker Buddenbrookhaus. <br \/>\nDie Erich-M\u00fchsam-Gesellschaft betont, dass dieses Projekt die Erinnerung an die Vertreibung und die Vernichtung der Juden, der Zigeuner, der politisch Verfolgten, der Homosexuellen, der Zeugen Jehovas und der Euthanasieopfer im Nationalsozialismus lebendig h\u00e4lt.<\/p>\n<p>Die Preisverleihung findet um 11 Uhr im Buddenbrookhaus in L\u00fcbeck statt. Sabine Kruse, Vorsitzende der Erich-M\u00fchsam-Gesellschaft, spricht die Begr\u00fc\u00dfung, die Laudatio h\u00e4lt Kai Dohnke, Hamburg. Jana Nitsch (Akkordeon, Gesang) und Marcus Berthold (Geige) spielen Klezmermusik. G\u00e4ste sind herzlich willkommen.<\/p>\n","protected":false},"excerpt":{"rendered":"<p>Sonntag, 26. April 2009, 11 Uhr Buddenbrookhaus, L\u00fcbeck Erich M\u00fchsam war politischer Aktivist, Publizist und Schriftsteller. Er wurde im Jahr<\/p>\n","protected":false},"author":3,"featured_media":0,"comment_status":"open","ping_status":"open","sticky":false,"template":"","format":"standard","meta":{"colormag_page_container_layout":"default_layout","colormag_page_sidebar_layout":"default_layout","footnotes":""},"categories":[13],"tags":[],"class_list":["post-8314","post","type-post","status-publish","format-standard","hentry","category-veranstaltungen"],"_links":{"self":[{"href":"https:\/\/hier-luebeck.de\/index.php\/wp-json\/wp\/v2\/posts\/8314","targetHints":{"allow":["GET"]}}],"collection":[{"href":"https:\/\/hier-luebeck.de\/index.php\/wp-json\/wp\/v2\/posts"}],"about":[{"href":"https:\/\/hier-luebeck.de\/index.php\/wp-json\/wp\/v2\/types\/post"}],"author":[{"embeddable":true,"href":"https:\/\/hier-luebeck.de\/index.php\/wp-json\/wp\/v2\/users\/3"}],"replies":[{"embeddable":true,"href":"https:\/\/hier-luebeck.de\/index.php\/wp-json\/wp\/v2\/comments?post=8314"}],"version-history":[{"count":0,"href":"https:\/\/hier-luebeck.de\/index.php\/wp-json\/wp\/v2\/posts\/8314\/revisions"}],"wp:attachment":[{"href":"https:\/\/hier-luebeck.de\/index.php\/wp-json\/wp\/v2\/media?parent=8314"}],"wp:term":[{"taxonomy":"category","embeddable":true,"href":"https:\/\/hier-luebeck.de\/index.php\/wp-json\/wp\/v2\/categories?post=8314"},{"taxonomy":"post_tag","embeddable":true,"href":"https:\/\/hier-luebeck.de\/index.php\/wp-json\/wp\/v2\/tags?post=8314"}],"curies":[{"name":"wp","href":"https:\/\/api.w.org\/{rel}","templated":true}]}}