{"id":8322,"date":"2009-04-20T10:22:28","date_gmt":"2009-04-20T10:22:28","guid":{"rendered":"http:\/\/testserver\/wordpress\/?p=8222"},"modified":"2009-04-20T10:22:28","modified_gmt":"2009-04-20T10:22:28","slug":"einmalig_in_deutschland_lehrgang_ber_das_grundwissen_zur_eselhaltung","status":"publish","type":"post","link":"https:\/\/hier-luebeck.de\/index.php\/einmalig_in_deutschland_lehrgang_ber_das_grundwissen_zur_eselhaltung\/","title":{"rendered":"Einmalig in Deutschland! Lehrgang \u00fcber das Grundwissen zur Eselhaltung"},"content":{"rendered":"<p><img decoding=\"async\" title=\"Kutschfahrt002\" src=\"http:\/\/www.hier-luebeck.de\/images\/topics\/Kutschfahrt002.jpg\" alt=\"Kutschfahrt002\" \/><br \/>\nAm Samstag, den 25. und Sonntag, den 26. April 2009 veranstaltet der Eselpark in Nessendorf einen weiteren Lehrgang \u00fcber das Grundwissen zur Eselhaltung in Deutschland f\u00fcr Eselhalter und solche die es werden wollen.<!--more-->Es geht um das Grundwissen in der Eselhaltung, den Umgang mit Eseln und das Anspannen. Es werden theoretisches Grundwissen \u00fcber Esel und Eselkrankheiten, den sicheren Umgang mit Eseln, Eselkunde, artgerechte Haltung, Verladung, F\u00fctterung sowie Grundkenntnisse im Fahren eines Esels ein- und zweisp\u00e4nnig gelehrt. Dieses erfolgt nach den ethischen Grunds\u00e4tzen des Tierschutzes und der Fahrlehre nach Achenbach. <\/p>\n<p>Interessierte Eselhalter oder solche die es gerne werden wollen, haben die M\u00f6glichkeit, sich noch kurzfristig anzumelden. Tel. 04382-748 oder im Internet unter www.eselpark.de <\/p>\n<p>Vom 6. bis 7. Juni wird der n\u00e4chste Grundlehrgang in der Eselhaltung abgehalten und am 18. Juni 2009 beginnt dann ein 4-t\u00e4giger Fahrlehrgang. Auch hier sind noch Anmeldungen f\u00fcr Interessierte m\u00f6glich. Tel. 04382-748.<\/p>\n","protected":false},"excerpt":{"rendered":"<p>Am Samstag, den 25. und Sonntag, den 26. April 2009 veranstaltet der Eselpark in Nessendorf einen weiteren Lehrgang \u00fcber das<\/p>\n","protected":false},"author":3,"featured_media":0,"comment_status":"open","ping_status":"open","sticky":false,"template":"","format":"standard","meta":{"colormag_page_container_layout":"default_layout","colormag_page_sidebar_layout":"default_layout","footnotes":""},"categories":[13],"tags":[],"class_list":["post-8322","post","type-post","status-publish","format-standard","hentry","category-veranstaltungen"],"_links":{"self":[{"href":"https:\/\/hier-luebeck.de\/index.php\/wp-json\/wp\/v2\/posts\/8322","targetHints":{"allow":["GET"]}}],"collection":[{"href":"https:\/\/hier-luebeck.de\/index.php\/wp-json\/wp\/v2\/posts"}],"about":[{"href":"https:\/\/hier-luebeck.de\/index.php\/wp-json\/wp\/v2\/types\/post"}],"author":[{"embeddable":true,"href":"https:\/\/hier-luebeck.de\/index.php\/wp-json\/wp\/v2\/users\/3"}],"replies":[{"embeddable":true,"href":"https:\/\/hier-luebeck.de\/index.php\/wp-json\/wp\/v2\/comments?post=8322"}],"version-history":[{"count":0,"href":"https:\/\/hier-luebeck.de\/index.php\/wp-json\/wp\/v2\/posts\/8322\/revisions"}],"wp:attachment":[{"href":"https:\/\/hier-luebeck.de\/index.php\/wp-json\/wp\/v2\/media?parent=8322"}],"wp:term":[{"taxonomy":"category","embeddable":true,"href":"https:\/\/hier-luebeck.de\/index.php\/wp-json\/wp\/v2\/categories?post=8322"},{"taxonomy":"post_tag","embeddable":true,"href":"https:\/\/hier-luebeck.de\/index.php\/wp-json\/wp\/v2\/tags?post=8322"}],"curies":[{"name":"wp","href":"https:\/\/api.w.org\/{rel}","templated":true}]}}