{"id":8326,"date":"2009-04-20T10:46:40","date_gmt":"2009-04-20T10:46:40","guid":{"rendered":"http:\/\/testserver\/wordpress\/?p=8226"},"modified":"2009-04-20T10:46:40","modified_gmt":"2009-04-20T10:46:40","slug":"besucher_mit_hut_gefragt_museum_tuch__technik_geschichten_mit_kappe_mtze__co","status":"publish","type":"post","link":"https:\/\/hier-luebeck.de\/index.php\/besucher_mit_hut_gefragt_museum_tuch__technik_geschichten_mit_kappe_mtze__co\/","title":{"rendered":"Besucher mit Hut gefragt: Museum Tuch + Technik: Geschichten mit Kappe, M\u00fctze &#038; Co."},"content":{"rendered":"<p><img decoding=\"async\" title=\"Zylinder\" src=\"http:\/\/www.hier-luebeck.de\/images\/topics\/Zylinder.JPG\" alt=\"Zylinder\" \/><br \/>\nH\u00fcte k\u00f6nnen Geschichten erz\u00e4hlen &#8211; oder vielmehr ihre Besitzer, die von dem einen oder anderen guten St\u00fcck vielleicht schon jahrzehntelang begeleitet werden und mit dem sie komische, traurige oder spannende Erlebnisse verbinden. Das Museum Tuch + Technik l\u00e4dt alle Hutbegeisterten ein, mit ihrem Lieblingsst\u00fcck ins Museum zu kommen und vor dem Hintergrund der Ausstellung &#8222;Hut &#038; Co.&#8220; ihre ganz eigene Hutgeschichte zu erz\u00e4hlen.<!--more-->Wer will, kann sich mit Hut auch fotografieren lassen.<\/p>\n<p>Das Museum bietet diese Aktion zu den &#8222;Aktiv-Wochen f\u00fcr \u00c4ltere&#8220; an, die von der Stadt Neum\u00fcnster zusammen mit den Wohlfahrtsverb\u00e4nden und Kirchen organisiert werden.<\/p>\n<p>Termin<br \/>\nSonntag 26. April 2009<br \/>\nMuseum Tuch + Technik<br \/>\n14 Uhr<\/p>\n<p>Kosten: erm\u00e4\u00dfigter Eintritt f\u00fcr Erwachsene 5 Euro, Besucher mit Hut zahlen nur die H\u00e4lfte.<\/p>\n<p>Foto auf CD 1 Euro<\/p>\n","protected":false},"excerpt":{"rendered":"<p>H\u00fcte k\u00f6nnen Geschichten erz\u00e4hlen &#8211; oder vielmehr ihre Besitzer, die von dem einen oder anderen guten St\u00fcck vielleicht schon jahrzehntelang<\/p>\n","protected":false},"author":3,"featured_media":0,"comment_status":"open","ping_status":"open","sticky":false,"template":"","format":"standard","meta":{"colormag_page_container_layout":"default_layout","colormag_page_sidebar_layout":"default_layout","footnotes":""},"categories":[13],"tags":[],"class_list":["post-8326","post","type-post","status-publish","format-standard","hentry","category-veranstaltungen"],"_links":{"self":[{"href":"https:\/\/hier-luebeck.de\/index.php\/wp-json\/wp\/v2\/posts\/8326","targetHints":{"allow":["GET"]}}],"collection":[{"href":"https:\/\/hier-luebeck.de\/index.php\/wp-json\/wp\/v2\/posts"}],"about":[{"href":"https:\/\/hier-luebeck.de\/index.php\/wp-json\/wp\/v2\/types\/post"}],"author":[{"embeddable":true,"href":"https:\/\/hier-luebeck.de\/index.php\/wp-json\/wp\/v2\/users\/3"}],"replies":[{"embeddable":true,"href":"https:\/\/hier-luebeck.de\/index.php\/wp-json\/wp\/v2\/comments?post=8326"}],"version-history":[{"count":0,"href":"https:\/\/hier-luebeck.de\/index.php\/wp-json\/wp\/v2\/posts\/8326\/revisions"}],"wp:attachment":[{"href":"https:\/\/hier-luebeck.de\/index.php\/wp-json\/wp\/v2\/media?parent=8326"}],"wp:term":[{"taxonomy":"category","embeddable":true,"href":"https:\/\/hier-luebeck.de\/index.php\/wp-json\/wp\/v2\/categories?post=8326"},{"taxonomy":"post_tag","embeddable":true,"href":"https:\/\/hier-luebeck.de\/index.php\/wp-json\/wp\/v2\/tags?post=8326"}],"curies":[{"name":"wp","href":"https:\/\/api.w.org\/{rel}","templated":true}]}}