{"id":8327,"date":"2009-04-20T10:58:07","date_gmt":"2009-04-20T10:58:07","guid":{"rendered":"http:\/\/testserver\/wordpress\/?p=8227"},"modified":"2009-04-20T10:58:07","modified_gmt":"2009-04-20T10:58:07","slug":"fw_waffengesetz_ist_ausreichend","status":"publish","type":"post","link":"https:\/\/hier-luebeck.de\/index.php\/fw_waffengesetz_ist_ausreichend\/","title":{"rendered":"FW: Waffengesetz ist ausreichend"},"content":{"rendered":"<p><img decoding=\"async\" title=\"FWaehlerLogo\" src=\"http:\/\/www.hier-luebeck.de\/images\/topics\/FWaehlerLogo.jpg\" alt=\"FWaehlerLogo\" \/><br \/>\nDie Freien W\u00e4hler finden unser Waffengesetz vollkommen ausreichend, sagt der Kreisvorsitzende<\/p>\n<p>Werner Horstmann. Deutschland hat das sch\u00e4rfste Waffengesetz in der EU, es muss nur darauf geachtet werden, dass dieses Gesetz auch eingehalten wird.<!--more-->Die Zahl der Waffen im Privatbesitz ist bei Sportsch\u00fctzen in den letzten Jahren ziemlich eingeschr\u00e4nkt worden, d.h., ein Sportsch\u00fctze kann sich nicht mehr beliebig viele Kurzwaffen zulegen. Bevor jemand \u00fcberhaupt eine Waffe besitzen darf, muss er zun\u00e4chst einmal entsprechende Schie\u00dfergebnisse und -zeiten nachweisen, bevor er zur Waffensachkundepr\u00fcfung zugelassen wird. Hier\u00fcber wird im Verein genau Buch gef\u00fchrt und jeder Sch\u00fctze muss seine Ergebnisse im sog. Schie\u00dfbuch abzeichnen lassen.<\/p>\n<p>Ein von einigen Mitb\u00fcrgern gefordertes zentrales Waffenregister ist eine neu zu schaffende Beh\u00f6rde, die Unsummen an Steuern verschlingen wird. Diese Kosten werden dann vermutlich auf die J\u00e4gerschaft und die Sportsch\u00fctzen abgew\u00e4lzt. Gerade unsere J\u00e4ger leisten sehr viel f\u00fcr unsere Natur, was der breiten \u00d6ffentlichkeit h\u00e4ufig nicht bekannt oder bewusst ist. Die Sportsch\u00fctzen stehen nicht minder schlecht da, hier wird ehrenamtlich gute Jugendarbeit geleistet, hier findet ein Vereinsleben statt, das Jung und Alt zusammenf\u00fchrt. Nicht zu vergessen der sportliche Aspekt wie die Teilnahme an Meisterschaften und &#8211; uns allen noch gut im Ged\u00e4chtnis &#8211; die erfolgreiche Teilnahme an den Olympischen Spielen.<\/p>\n<p>Man stelle sich folgendes Szenario vor:  Unsere J\u00e4gerschaft gibt die Jagd aus Kosten- und Prestigegr\u00fcnden auf. Die Verbisssch\u00e4den nehmen dramatisch zu, ebenso die Population vieler R\u00e4uber, die in unsere Vororte und langwirtschaftlich gef\u00fchrten Betriebe einfallen. Wer bezahlt die Sch\u00e4den? <\/p>\n<p>Alle legalen Waffen sind in Deutschland erfasst, separat bei jeder Stadt\/Kommune, und k\u00f6nnen durch die Waffenbesitzkarte einem Besitzer zugeordnet werden. Missbrauch wird in den meisten F\u00e4llen mit illegalen Waffen betrieben. Hier muss der Gesetzgeber eine L\u00f6sung finden. Der Handel mit illegalen Waffen, die illegale Einfuhr solcher aus einigen Nachbarl\u00e4ndern, die Gewaltverherrlichung durch entsprechende PC- oder Konsolenspiele und Filme sollte das Thema sein. Hier gilt es endlich zu differenzieren und zu handeln, nicht populistisch auf eine Minderheit einzupr\u00fcgeln. <\/p>\n<p>Wir von den Freien W\u00e4hlern f\u00fchlen mit den Angeh\u00f6rigen der Opfer, sind aber der Meinung, dass die Art und Weise, wie das Thema von einigen selbsternannten Spezialisten behandelt wird, falsch ist und zu keinem befriedigenden Ergebnis f\u00fchren kann.<\/p>\n","protected":false},"excerpt":{"rendered":"<p>Die Freien W\u00e4hler finden unser Waffengesetz vollkommen ausreichend, sagt der Kreisvorsitzende Werner Horstmann. Deutschland hat das sch\u00e4rfste Waffengesetz in der<\/p>\n","protected":false},"author":3,"featured_media":0,"comment_status":"open","ping_status":"open","sticky":false,"template":"","format":"standard","meta":{"colormag_page_container_layout":"default_layout","colormag_page_sidebar_layout":"default_layout","footnotes":""},"categories":[5],"tags":[],"class_list":["post-8327","post","type-post","status-publish","format-standard","hentry","category-politik-wirtschaft"],"_links":{"self":[{"href":"https:\/\/hier-luebeck.de\/index.php\/wp-json\/wp\/v2\/posts\/8327","targetHints":{"allow":["GET"]}}],"collection":[{"href":"https:\/\/hier-luebeck.de\/index.php\/wp-json\/wp\/v2\/posts"}],"about":[{"href":"https:\/\/hier-luebeck.de\/index.php\/wp-json\/wp\/v2\/types\/post"}],"author":[{"embeddable":true,"href":"https:\/\/hier-luebeck.de\/index.php\/wp-json\/wp\/v2\/users\/3"}],"replies":[{"embeddable":true,"href":"https:\/\/hier-luebeck.de\/index.php\/wp-json\/wp\/v2\/comments?post=8327"}],"version-history":[{"count":0,"href":"https:\/\/hier-luebeck.de\/index.php\/wp-json\/wp\/v2\/posts\/8327\/revisions"}],"wp:attachment":[{"href":"https:\/\/hier-luebeck.de\/index.php\/wp-json\/wp\/v2\/media?parent=8327"}],"wp:term":[{"taxonomy":"category","embeddable":true,"href":"https:\/\/hier-luebeck.de\/index.php\/wp-json\/wp\/v2\/categories?post=8327"},{"taxonomy":"post_tag","embeddable":true,"href":"https:\/\/hier-luebeck.de\/index.php\/wp-json\/wp\/v2\/tags?post=8327"}],"curies":[{"name":"wp","href":"https:\/\/api.w.org\/{rel}","templated":true}]}}