{"id":8347,"date":"2009-04-28T18:13:12","date_gmt":"2009-04-28T18:13:12","guid":{"rendered":"http:\/\/testserver\/wordpress\/?p=8247"},"modified":"2009-04-28T18:13:12","modified_gmt":"2009-04-28T18:13:12","slug":"treffen_norddeutscher_wirtschaftsminister_seidel_firmen_brauchen_auftrge","status":"publish","type":"post","link":"https:\/\/hier-luebeck.de\/index.php\/treffen_norddeutscher_wirtschaftsminister_seidel_firmen_brauchen_auftrge\/","title":{"rendered":"Treffen norddeutscher Wirtschaftsminister Seidel: Firmen brauchen Auftr\u00e4ge"},"content":{"rendered":"<p><img decoding=\"async\" title=\"Meck-Pom-Logo2\" src=\"http:\/\/www.hier-luebeck.de\/images\/topics\/Meck-Pom-Logo2.jpg\" alt=\"Meck-Pom-Logo2\" \/><br \/>\nDie norddeutschen L\u00e4nder wollen sich bei der Bew\u00e4ltigung der Wirtschaftskrise regelm\u00e4\u00dfig abstimmen. &#8222;Die Bundesregierung hat tatkr\u00e4ftig, verantwortungsvoll und vertrauensbildend gehandelt, um die Finanzm\u00e4rkte zu stabi\u00aclisieren und die Auswirkungen auf die Realwirtschaft zu d\u00e4mpfen&#038;,&#8220; sagte Wirtschaftsminister J\u00fcrgen Sei\u00acdel nach einem Treffen mit dem Kieler Wirtschaftsminister Dr. J\u00f6rn Biel, dem Hamburger Senator Axel Gedaschko und Vertretern aus Niedersachsen und Bremen am Dienstag in G\u00f6hren-Lebbin (M\u00fcritzkreis). <!--more-->&#8222;Die Konjunkturpakete in Deutschland entfalten erste Wirkungen. Sie d\u00fcrften den privaten Konsum, im weiteren Jahresverlauf aber auch den Bau st\u00fctzen. Hinzu kommt die anhaltende Entspan\u00acnung bei den Preisen.&#8220;; <\/p>\n<p>Bei den Gesch\u00e4ftserwartungen der Unternehmen gibt es erste Signale einer weniger negativen Einsch\u00e4tzung der wirtschaftlichen Entwicklung im sp\u00e4teren Jahresverlauf. &#8222;Gerade die M\u00f6glichkeiten der Konjunkturpakete I und II des Bundes und der einzelnen Landesprogramme m\u00fcssen jetzt gezielt genutzt werden. Die Betriebe brauchen Auftr\u00e4ge,&#8220; sagte Seidel.<\/p>\n<p>Die Entwicklung im Verarbeitenden Gewerbe zu Jahresbeginn 2009 ist in Norddeutschland durch deutliche R\u00fcckg\u00e4nge bei den Indust\u00acrieums\u00e4tzen, aber auch durch eine weitgehend stabile Besch\u00e4ftigungslage gekennzeichnet. W\u00e4hrend die Ums\u00e4tze in Mecklenburg-Vorpommern im Vergleich zum Vorjahr um -16,2 Prozent zur\u00fcckgingen, waren es in Hamburg -18,0 Prozent  und in Schleswig-Hol\u00acstein -18,1. (Deutschland -24,2, Bremen -24,4, Niedersachsen -26,7).<\/p>\n<p>Das Baugeschehen wurde im Januar\/Februar in Hamburg durch den strengen Winter offenbar nicht beeintr\u00e4chtigt (+21,3 Prozent). In den \u00fcbrigen norddeutschen L\u00e4ndern gab es deutliche  Umsatzr\u00fcckg\u00e4nge (Niedersachsen -12,4, Deutschland -19,8, Schleswig-Holstein\t-23,2, Mecklenburg-Vorpommern -37,2, Bremen -40,1 Pro\u00aczent).<\/p>\n<p>Daneben verst\u00e4ndigten sich die Minister auch \u00fcber die Forderung nach einer Abgabe zur Speicherung von Kohlendioxid in tiefen geologischen Gesteinsschichten. Derzeit befindet sich ein Gesetzentwurf in der Beratung, der die Abscheidung und den Transport von Kohlendioxid sowie die dauerhafte Speicherung von Kohlendioxid in tiefen geologischen Gesteinsschichten (CCS &#8211; Carbondioxide Capture and Storage) regelt. <\/p>\n","protected":false},"excerpt":{"rendered":"<p>Die norddeutschen L\u00e4nder wollen sich bei der Bew\u00e4ltigung der Wirtschaftskrise regelm\u00e4\u00dfig abstimmen. &#8222;Die Bundesregierung hat tatkr\u00e4ftig, verantwortungsvoll und vertrauensbildend gehandelt,<\/p>\n","protected":false},"author":3,"featured_media":0,"comment_status":"open","ping_status":"open","sticky":false,"template":"","format":"standard","meta":{"colormag_page_container_layout":"default_layout","colormag_page_sidebar_layout":"default_layout","footnotes":""},"categories":[14],"tags":[],"class_list":["post-8347","post","type-post","status-publish","format-standard","hentry","category-tipps-informationen"],"_links":{"self":[{"href":"https:\/\/hier-luebeck.de\/index.php\/wp-json\/wp\/v2\/posts\/8347","targetHints":{"allow":["GET"]}}],"collection":[{"href":"https:\/\/hier-luebeck.de\/index.php\/wp-json\/wp\/v2\/posts"}],"about":[{"href":"https:\/\/hier-luebeck.de\/index.php\/wp-json\/wp\/v2\/types\/post"}],"author":[{"embeddable":true,"href":"https:\/\/hier-luebeck.de\/index.php\/wp-json\/wp\/v2\/users\/3"}],"replies":[{"embeddable":true,"href":"https:\/\/hier-luebeck.de\/index.php\/wp-json\/wp\/v2\/comments?post=8347"}],"version-history":[{"count":0,"href":"https:\/\/hier-luebeck.de\/index.php\/wp-json\/wp\/v2\/posts\/8347\/revisions"}],"wp:attachment":[{"href":"https:\/\/hier-luebeck.de\/index.php\/wp-json\/wp\/v2\/media?parent=8347"}],"wp:term":[{"taxonomy":"category","embeddable":true,"href":"https:\/\/hier-luebeck.de\/index.php\/wp-json\/wp\/v2\/categories?post=8347"},{"taxonomy":"post_tag","embeddable":true,"href":"https:\/\/hier-luebeck.de\/index.php\/wp-json\/wp\/v2\/tags?post=8347"}],"curies":[{"name":"wp","href":"https:\/\/api.w.org\/{rel}","templated":true}]}}