{"id":8348,"date":"2009-04-28T18:17:17","date_gmt":"2009-04-28T18:17:17","guid":{"rendered":"http:\/\/testserver\/wordpress\/?p=8248"},"modified":"2009-04-28T18:17:17","modified_gmt":"2009-04-28T18:17:17","slug":"jan_und_hein_und_klaas_und_britt__trocken_trashig_unberechenbar","status":"publish","type":"post","link":"https:\/\/hier-luebeck.de\/index.php\/jan_und_hein_und_klaas_und_britt__trocken_trashig_unberechenbar\/","title":{"rendered":"Jan und Hein und Klaas und Britt  Trocken Trashig Unberechenbar"},"content":{"rendered":"<p><img decoding=\"async\" title=\"WettennassCVJM\" src=\"http:\/\/www.hier-luebeck.de\/images\/topics\/WettennassCVJM.jpg\" alt=\"WettennassCVJM\" \/><br \/>\nDie Verreise-Revue mit Jan und Hein und Klaas und Britt<\/p>\n<p>&#8222;Wetten, nass ..?&#8220;<\/p>\n<p>Was die vier schr\u00e4gen Sees\u00e4cke bei ihrem neuen knochentrockenen Abenteuer mit Unterst\u00fctzung von Jules Verne rund um die Welt erleben, sollte sich niemand entgehen lassen! <!--more-->Denn wenn Jan und Hein und Klaas und Britt wieder Musik von Verdi bis BeeGees durcheinanderwirbeln und mit neuen Texten in v\u00f6llig \u00fcberraschende Zusammenh\u00e4nge stellen und dann auch noch unter ziemlichem Zeitdruck ihr Schiff lustvoll zerst\u00fcckeln und zertanzen ist das einfach nur komisch. Und spannend: f\u00fcr den, der die b\u00f6sartige Datumsgrenze vor sich hat, k\u00f6nnen 80 Tage n\u00e4mlich verdammt kurz sein! Doch egal wie die Wette ausgeht, eines ist sicher: wenn der S\u00fcdwester im Nordosten partout nicht passen will dann ist es Zeit f\u00fcr Jan und Hein und Klaas und Britt, die kultivierteste Form des Trash!<\/p>\n<p>7. Mai 19.30 Uhr CVJM L\u00fcbeck<\/p>\n","protected":false},"excerpt":{"rendered":"<p>Die Verreise-Revue mit Jan und Hein und Klaas und Britt &#8222;Wetten, nass ..?&#8220; Was die vier schr\u00e4gen Sees\u00e4cke bei ihrem<\/p>\n","protected":false},"author":3,"featured_media":0,"comment_status":"open","ping_status":"open","sticky":false,"template":"","format":"standard","meta":{"colormag_page_container_layout":"default_layout","colormag_page_sidebar_layout":"default_layout","footnotes":""},"categories":[13],"tags":[],"class_list":["post-8348","post","type-post","status-publish","format-standard","hentry","category-veranstaltungen"],"_links":{"self":[{"href":"https:\/\/hier-luebeck.de\/index.php\/wp-json\/wp\/v2\/posts\/8348","targetHints":{"allow":["GET"]}}],"collection":[{"href":"https:\/\/hier-luebeck.de\/index.php\/wp-json\/wp\/v2\/posts"}],"about":[{"href":"https:\/\/hier-luebeck.de\/index.php\/wp-json\/wp\/v2\/types\/post"}],"author":[{"embeddable":true,"href":"https:\/\/hier-luebeck.de\/index.php\/wp-json\/wp\/v2\/users\/3"}],"replies":[{"embeddable":true,"href":"https:\/\/hier-luebeck.de\/index.php\/wp-json\/wp\/v2\/comments?post=8348"}],"version-history":[{"count":0,"href":"https:\/\/hier-luebeck.de\/index.php\/wp-json\/wp\/v2\/posts\/8348\/revisions"}],"wp:attachment":[{"href":"https:\/\/hier-luebeck.de\/index.php\/wp-json\/wp\/v2\/media?parent=8348"}],"wp:term":[{"taxonomy":"category","embeddable":true,"href":"https:\/\/hier-luebeck.de\/index.php\/wp-json\/wp\/v2\/categories?post=8348"},{"taxonomy":"post_tag","embeddable":true,"href":"https:\/\/hier-luebeck.de\/index.php\/wp-json\/wp\/v2\/tags?post=8348"}],"curies":[{"name":"wp","href":"https:\/\/api.w.org\/{rel}","templated":true}]}}