{"id":8350,"date":"2009-04-28T18:30:18","date_gmt":"2009-04-28T18:30:18","guid":{"rendered":"http:\/\/testserver\/wordpress\/?p=8250"},"modified":"2009-04-28T18:30:18","modified_gmt":"2009-04-28T18:30:18","slug":"erfolgreicher_landesentscheid_des_vorlesewettbewerbs_der_frderzentren","status":"publish","type":"post","link":"https:\/\/hier-luebeck.de\/index.php\/erfolgreicher_landesentscheid_des_vorlesewettbewerbs_der_frderzentren\/","title":{"rendered":"Erfolgreicher Landesentscheid des Vorlesewettbewerbs der F\u00f6rderzentren"},"content":{"rendered":"<p><img decoding=\"async\" title=\"SHLogoWappen\" src=\"http:\/\/www.hier-luebeck.de\/images\/topics\/SHLogoWappen.jpg\" alt=\"SHLogoWappen\" \/><br \/>\nKIEL. Christian Schulz (Centa-Wulf-Schule, Schwarzenbek) und Jorge Sch\u00f6nherr (Klaus-Groth-Schule, Fehmarn) hei\u00dfen die Gewinner des Landesentscheids zum Vorlesewettbewerb der F\u00f6rderzentren. 13 Kinder der Klassenstufe 6 hatten sich in Schul- und Kreiswettk\u00e4mpfen im vergangenen halben Jahr f\u00fcr diesen Landeswettbewerb qualifiziert und pr\u00e4sentierten heute (28. April) in der Jugendherberge Kiel ihr Lesek\u00f6nnen vor einer f\u00fcnfk\u00f6pfigen Jury. <!--more-->Christian las aus dem TKKG-Buch &#8222;Im Schloss der schlafenden Vampire&#8220; von Stefan Wolf, Jorge aus &#8222;Emil und die Detektive&#8220; von Erich K\u00e4stner.<\/p>\n<p>Bildungsministerin Ute Erdsiek-Rave gratulierte den Siegern in einem Schreiben und unterstrich die Bedeutung dieses Projektes: &#8222;Durch diese Lesef\u00f6rderungsaktion werden Kinder ermuntert, sich mit erz\u00e4hlender Literatur zu besch\u00e4ftigen und aus ihren Lieblingsb\u00fcchern vorzulesen. In Zeiten, wo leider in immer mehr Familien das Lesen und Vorlesen nicht mehr selbstverst\u00e4ndlich ist, sind solche Wettbewerbe wichtig, um Kinder und Jugendliche neugierig auf das Lesen zu machen.&#8220;<\/p>\n<p>Schleswig-Holstein ist das erste Bundesland gewesen, in dem ein Landesentscheid im Vorlesewettbewerb auch f\u00fcr Kinder mit sonderp\u00e4dagogischem F\u00f6rderbedarf ausgeschrieben wurde. Diese Form der Lesef\u00f6rderung soll die Kinder zur aktiven Auseinandersetzung mit der Lekt\u00fcre motivieren, Einblicke in die Vielfalt der aktuellen und klassischen Kinder- und Jugendliteratur vermitteln und zum gegenseitigen Zuh\u00f6ren sensibilisieren. Die Lehrkr\u00e4fte helfen den Kindern bei der Auswahl der Texte und B\u00fccher. Erdsiek-Rave: &#8222;Beim Vorlesewettbewerb machen Kinder die Erfahrung, dass B\u00fccher zwischen Spannung, Unterhaltung und Information viele Facetten bieten und Lesen ebenso wie Vorlesen neue Welten er\u00f6ffnen.&#8220; <\/p>\n<p>In diesem Sinne begeisterte auch der Kieler Literaturinterpret Barney B. Hallmann beim heutigen Landesentscheid die Kinder mit einer fantasievollen Lesung. Der B\u00f6rsenverein des Deutschen Buchhandels unterst\u00fctzt den Wettbewerb durch die \u00dcbernahme der Fahrtkosten f\u00fcr die Sch\u00fclerinnen und Sch\u00fcler und eine Begleitperson sowie durch Urkunden und Buchpreise. Die Molkerei Gro\u00dfhandel Nord sorgte f\u00fcr Getr\u00e4nke und Joghurts. Die Kieler Jugendherberge stellte kostenlos ihre R\u00e4umlichkeiten zur Verf\u00fcgung.<\/p>\n","protected":false},"excerpt":{"rendered":"<p>KIEL. Christian Schulz (Centa-Wulf-Schule, Schwarzenbek) und Jorge Sch\u00f6nherr (Klaus-Groth-Schule, Fehmarn) hei\u00dfen die Gewinner des Landesentscheids zum Vorlesewettbewerb der F\u00f6rderzentren. 13<\/p>\n","protected":false},"author":3,"featured_media":0,"comment_status":"open","ping_status":"open","sticky":false,"template":"","format":"standard","meta":{"colormag_page_container_layout":"default_layout","colormag_page_sidebar_layout":"default_layout","footnotes":""},"categories":[5],"tags":[],"class_list":["post-8350","post","type-post","status-publish","format-standard","hentry","category-politik-wirtschaft"],"_links":{"self":[{"href":"https:\/\/hier-luebeck.de\/index.php\/wp-json\/wp\/v2\/posts\/8350","targetHints":{"allow":["GET"]}}],"collection":[{"href":"https:\/\/hier-luebeck.de\/index.php\/wp-json\/wp\/v2\/posts"}],"about":[{"href":"https:\/\/hier-luebeck.de\/index.php\/wp-json\/wp\/v2\/types\/post"}],"author":[{"embeddable":true,"href":"https:\/\/hier-luebeck.de\/index.php\/wp-json\/wp\/v2\/users\/3"}],"replies":[{"embeddable":true,"href":"https:\/\/hier-luebeck.de\/index.php\/wp-json\/wp\/v2\/comments?post=8350"}],"version-history":[{"count":0,"href":"https:\/\/hier-luebeck.de\/index.php\/wp-json\/wp\/v2\/posts\/8350\/revisions"}],"wp:attachment":[{"href":"https:\/\/hier-luebeck.de\/index.php\/wp-json\/wp\/v2\/media?parent=8350"}],"wp:term":[{"taxonomy":"category","embeddable":true,"href":"https:\/\/hier-luebeck.de\/index.php\/wp-json\/wp\/v2\/categories?post=8350"},{"taxonomy":"post_tag","embeddable":true,"href":"https:\/\/hier-luebeck.de\/index.php\/wp-json\/wp\/v2\/tags?post=8350"}],"curies":[{"name":"wp","href":"https:\/\/api.w.org\/{rel}","templated":true}]}}