{"id":8389,"date":"2009-05-08T10:06:15","date_gmt":"2009-05-08T10:06:15","guid":{"rendered":"http:\/\/testserver\/wordpress\/?p=8289"},"modified":"2009-05-08T10:06:15","modified_gmt":"2009-05-08T10:06:15","slug":"fdpbrgerschaftsfraktion_fdp_untersttzt_lbecker_tagesmtter","status":"publish","type":"post","link":"https:\/\/hier-luebeck.de\/index.php\/fdpbrgerschaftsfraktion_fdp_untersttzt_lbecker_tagesmtter\/","title":{"rendered":"FDP-B\u00fcrgerschaftsfraktion: FDP unterst\u00fctzt L\u00fcbecker Tagesm\u00fctter"},"content":{"rendered":"<p><img decoding=\"async\" title=\"DrozellaWolfgang\" src=\"http:\/\/www.hier-luebeck.de\/images\/topics\/DrozellaWolfgang.jpg\" alt=\"DrozellaWolfgang\" \/><br \/>\nDie leistungsgerechte Ausgestaltung der Verg\u00fctung in der \u00f6ffentlichen Kindertagespflege ist nach Meinung der FDP der Schl\u00fcssel zum Ausbau der qualifizierten Kindertagespflege. Die Hansestadt L\u00fcbeck verweigert den Kindertagespflegekr\u00e4ften die Anreize f\u00fcr eine qualifizierte T\u00e4tigkeit als Tagespflegekr\u00e4fte und stellt sie schlechter als &#8222;normale&#8220; Arbeitnehmer. Das kritisiert der sozialpolitische Sprecher der FDP-Fraktion Wolfgang Drozella.<!--more--><br \/>\nDer Gesetzgeber will mit der Ausgestaltung der Verg\u00fctung die Kindertagespflege zu einem anerkannten Berufbild entwickeln und bestimmt in \u00a7 23 SGB, Abs. 2 SGB VIII eindeutig, dass, wenn bestimmte Grenzwerte \u00fcberschritten werden, sich der Auftraggeber (hier die Stadt) u.a. auch h\u00e4lftig bei den Sozialversicherungsbeitr\u00e4gen beteiligen muss. Unsere mehrfach dem Jugendamt vorgetragene Auffassung, dass auch die Sozialversicherungsbeitr\u00e4ge h\u00e4lftig zu tragen sind, wurde in diesen Tagen nunmehr nochmals vom Bundesfamilienministerium best\u00e4tigt. <\/p>\n<p>SPD und Verwaltung berufen sich jetzt auf einen B\u00fcrgerschaftsbeschluss, durch den der Stundensatz f\u00fcr Tagesm\u00fctter auf 4,50 Euro festgesetzt wurde &#8211; nach Lesart der SPD inklusive Sozialabgaben. Dass damit den Tagesm\u00fcttern aber finanziell der &#8222;Garaus&#8220; gemacht w\u00fcrde, st\u00f6rt die Genossen nicht, im Gegenteil: So wird gewissen Sozialorganisationen l\u00e4stige (und f\u00fcr die Stadt g\u00fcnstigere) private Konkurrenz auf dem Gebiet der Kindertagespflege vom Halse gehalten. Die FDP wird das Spielchen nicht mitmachen, sondern in der B\u00fcrgerschaft beantragen, den Tagesm\u00fcttern die h\u00e4lftigen Sozialbeitr\u00e4ge zus\u00e4tzlich zu ihrem kargen Stundensatz zu zahlen.<\/p>\n","protected":false},"excerpt":{"rendered":"<p>Die leistungsgerechte Ausgestaltung der Verg\u00fctung in der \u00f6ffentlichen Kindertagespflege ist nach Meinung der FDP der Schl\u00fcssel zum Ausbau der qualifizierten<\/p>\n","protected":false},"author":3,"featured_media":0,"comment_status":"open","ping_status":"open","sticky":false,"template":"","format":"standard","meta":{"colormag_page_container_layout":"default_layout","colormag_page_sidebar_layout":"default_layout","footnotes":""},"categories":[5],"tags":[],"class_list":["post-8389","post","type-post","status-publish","format-standard","hentry","category-politik-wirtschaft"],"_links":{"self":[{"href":"https:\/\/hier-luebeck.de\/index.php\/wp-json\/wp\/v2\/posts\/8389","targetHints":{"allow":["GET"]}}],"collection":[{"href":"https:\/\/hier-luebeck.de\/index.php\/wp-json\/wp\/v2\/posts"}],"about":[{"href":"https:\/\/hier-luebeck.de\/index.php\/wp-json\/wp\/v2\/types\/post"}],"author":[{"embeddable":true,"href":"https:\/\/hier-luebeck.de\/index.php\/wp-json\/wp\/v2\/users\/3"}],"replies":[{"embeddable":true,"href":"https:\/\/hier-luebeck.de\/index.php\/wp-json\/wp\/v2\/comments?post=8389"}],"version-history":[{"count":0,"href":"https:\/\/hier-luebeck.de\/index.php\/wp-json\/wp\/v2\/posts\/8389\/revisions"}],"wp:attachment":[{"href":"https:\/\/hier-luebeck.de\/index.php\/wp-json\/wp\/v2\/media?parent=8389"}],"wp:term":[{"taxonomy":"category","embeddable":true,"href":"https:\/\/hier-luebeck.de\/index.php\/wp-json\/wp\/v2\/categories?post=8389"},{"taxonomy":"post_tag","embeddable":true,"href":"https:\/\/hier-luebeck.de\/index.php\/wp-json\/wp\/v2\/tags?post=8389"}],"curies":[{"name":"wp","href":"https:\/\/api.w.org\/{rel}","templated":true}]}}