{"id":8391,"date":"2009-05-08T10:13:18","date_gmt":"2009-05-08T10:13:18","guid":{"rendered":"http:\/\/testserver\/wordpress\/?p=8291"},"modified":"2009-05-08T10:13:18","modified_gmt":"2009-05-08T10:13:18","slug":"latenightshopping_mit_dem_vfb_lbeck","status":"publish","type":"post","link":"https:\/\/hier-luebeck.de\/index.php\/latenightshopping_mit_dem_vfb_lbeck\/","title":{"rendered":"Late-Night-Shopping mit dem VfB L\u00fcbeck"},"content":{"rendered":"<p><img decoding=\"async\" title=\"vfb_logo\" src=\"http:\/\/www.hier-luebeck.de\/images\/topics\/vfb_logo.jpg\" alt=\"vfb_logo\" \/><br \/>\n06.05.2009. Late-Night-Shopping in L\u00fcbeck! Da darf nat\u00fcrlich auch der VfB L\u00fcbeck nicht fehlen. Wenn die Gesch\u00e4fte am kommenden Freitag, den 8. Mai 2009 wieder l\u00e4nger ge\u00f6ffnet haben als gew\u00f6hnlich, sind auch die Gr\u00fcnwei\u00dfen in der Innenstadt pr\u00e4sent und zeigen sich fannah.<!--more-->Bei &#8222;Intersport Mauritz&#8220; in der Breiten Stra\u00dfe \/ Ecke Kohlmarkt werden Dietmar Hirsch und Timo Neumann ab 19 Uhr beim Einkauf helfen. Zudem erhalten alle Kunden bei einem Einkauf ab 15 Euro eine Stehplatzkarte f\u00fcr<br \/>\ndas Regionalligaspiel gegen Altona 93 (9.5.) gratis dazu!<br \/>\nAu\u00dferdem bieten wir ausschlie\u00dflich bei &#8222;Intersport Mauritz&#8220; Sitzplatzkarten zu Sonderpreisen an. Eine Sitzplatzkarte f\u00fcr den Block G5 gibt es dort und nur an dem Abend f\u00fcr 10 Euro statt f\u00fcr 15 Euro! Unser<br \/>\nTeammanager Thomas Borowski k\u00fcmmert sich um Sie!<br \/>\nVor dem Cafe Central in der H\u00fcxstra\u00dfe gibt es an einem Gl\u00fccksrad Eintrittskarten und Fanartikel zu gewinnen! <\/p>\n<p>Bei leckerem Fingerfood bietet sich dort au\u00dferdem ein Smalltalk mit unserem Trainerteam Peter Schopp<br \/>\nund Ingo Popp an!<\/p>\n<p>Au\u00dferdem ist unser Maskottchen &#8222;Tore&#8220; unterwegs und wird alle &#8222;Late Night Shopper&#8220; mit der einen oder anderen \u00dcberraschung erfreuen!<\/p>\n","protected":false},"excerpt":{"rendered":"<p>06.05.2009. Late-Night-Shopping in L\u00fcbeck! Da darf nat\u00fcrlich auch der VfB L\u00fcbeck nicht fehlen. Wenn die Gesch\u00e4fte am kommenden Freitag, den<\/p>\n","protected":false},"author":3,"featured_media":0,"comment_status":"open","ping_status":"open","sticky":false,"template":"","format":"standard","meta":{"colormag_page_container_layout":"default_layout","colormag_page_sidebar_layout":"default_layout","footnotes":""},"categories":[13],"tags":[],"class_list":["post-8391","post","type-post","status-publish","format-standard","hentry","category-veranstaltungen"],"_links":{"self":[{"href":"https:\/\/hier-luebeck.de\/index.php\/wp-json\/wp\/v2\/posts\/8391","targetHints":{"allow":["GET"]}}],"collection":[{"href":"https:\/\/hier-luebeck.de\/index.php\/wp-json\/wp\/v2\/posts"}],"about":[{"href":"https:\/\/hier-luebeck.de\/index.php\/wp-json\/wp\/v2\/types\/post"}],"author":[{"embeddable":true,"href":"https:\/\/hier-luebeck.de\/index.php\/wp-json\/wp\/v2\/users\/3"}],"replies":[{"embeddable":true,"href":"https:\/\/hier-luebeck.de\/index.php\/wp-json\/wp\/v2\/comments?post=8391"}],"version-history":[{"count":0,"href":"https:\/\/hier-luebeck.de\/index.php\/wp-json\/wp\/v2\/posts\/8391\/revisions"}],"wp:attachment":[{"href":"https:\/\/hier-luebeck.de\/index.php\/wp-json\/wp\/v2\/media?parent=8391"}],"wp:term":[{"taxonomy":"category","embeddable":true,"href":"https:\/\/hier-luebeck.de\/index.php\/wp-json\/wp\/v2\/categories?post=8391"},{"taxonomy":"post_tag","embeddable":true,"href":"https:\/\/hier-luebeck.de\/index.php\/wp-json\/wp\/v2\/tags?post=8391"}],"curies":[{"name":"wp","href":"https:\/\/api.w.org\/{rel}","templated":true}]}}