{"id":8394,"date":"2009-05-08T10:26:04","date_gmt":"2009-05-08T10:26:04","guid":{"rendered":"http:\/\/testserver\/wordpress\/?p=8294"},"modified":"2009-05-08T10:26:04","modified_gmt":"2009-05-08T10:26:04","slug":"tag_des_ausbildungsplatzes_berzeugungsarbeit_in_betrieben","status":"publish","type":"post","link":"https:\/\/hier-luebeck.de\/index.php\/tag_des_ausbildungsplatzes_berzeugungsarbeit_in_betrieben\/","title":{"rendered":"Tag des Ausbildungsplatzes: \u00dcberzeugungsarbeit in Betrieben"},"content":{"rendered":"<p><img decoding=\"async\" title=\"AgenturfuerArbei\" src=\"http:\/\/www.hier-luebeck.de\/images\/topics\/AgenturfuerArbei.jpg\" alt=\"AgenturfuerArbei\" \/><br \/>\nAm 14. Mai 2009 sind die Terminkalender der 40 Vermittlungs- und Beratungskr\u00e4fte der Agentur f\u00fcr Arbeit L\u00fcbeck besonders gut gef\u00fcllt. An diesem bundesweiten Tag des Ausbildungsplatzes werben sie in Betrieben um Ausbildungsstellen auch f\u00fcr schw\u00e4chere Bewerber.<!--more-->Die rein rechnerische Ausbildungsrelation sieht in L\u00fcbeck und Ostholstein gut aus: 680 unversorgten Bewerbern stehen 1101 unbesetzte Ausbildungsstellen zur Verf\u00fcgung. &#8222;Dennoch gibt es Bewerberinnen und Bewerber, die aufgrund ihrer Zeugnisse Probleme haben, etwas zu finden. Ich bitte Betriebe, nicht nur nach den Noten zu urteilen, denn so mancher Bewerber oder manche Bewerberin gleichen schulische Schw\u00e4chen durch Einsatz und praktische Fertigkeit aus. Unterst\u00fctzung zum Ausbildungserfolg k\u00f6nnen in diesen F\u00e4llen zum Beispiel von der Agentur f\u00fcr Arbeit finanzierte ausbildungsbegleitende Hilfen sein. Angesichts der demografischen Entwicklung wird die Nachfrage nach qualifizierten Arbeitskr\u00e4ften weiter steigen, umso wichtiger ist es auch in wirtschaftlich schwierigen Zeiten auszubilden und schw\u00e4cheren Bewerbern eine Chance zu bieten. Wir k\u00f6nnen es uns nicht leisten,  Ausbildungsstellen unbesetzt und Jugendliche unversorgt zu lassen. Sp\u00e4ter werden Ihnen diese Fachkr\u00e4fte fehlen&#8220;, appelliert Wolfgang Werner, Vorsitzender der Gesch\u00e4ftsf\u00fchrung der Agentur f\u00fcr Arbeit L\u00fcbeck.<\/p>\n<p>Betriebe, die ihre Ausbildungsstelle noch nicht besetzen konnten, sich kurzfristig entschieden haben auszubilden oder zus\u00e4tzliche Ausbildungspl\u00e4tze anbieten m\u00f6chten, erreichen den Arbeitgeber-Service L\u00fcbeck und Ostholstein unter der Telefonnummer 0 18 01 \/ 66 44 66 (Festnetzpreis 3,9 ct\/min; Mobilfunkpreise abweichend). <\/p>\n","protected":false},"excerpt":{"rendered":"<p>Am 14. Mai 2009 sind die Terminkalender der 40 Vermittlungs- und Beratungskr\u00e4fte der Agentur f\u00fcr Arbeit L\u00fcbeck besonders gut gef\u00fcllt.<\/p>\n","protected":false},"author":3,"featured_media":0,"comment_status":"open","ping_status":"open","sticky":false,"template":"","format":"standard","meta":{"colormag_page_container_layout":"default_layout","colormag_page_sidebar_layout":"default_layout","footnotes":""},"categories":[13],"tags":[],"class_list":["post-8394","post","type-post","status-publish","format-standard","hentry","category-veranstaltungen"],"_links":{"self":[{"href":"https:\/\/hier-luebeck.de\/index.php\/wp-json\/wp\/v2\/posts\/8394","targetHints":{"allow":["GET"]}}],"collection":[{"href":"https:\/\/hier-luebeck.de\/index.php\/wp-json\/wp\/v2\/posts"}],"about":[{"href":"https:\/\/hier-luebeck.de\/index.php\/wp-json\/wp\/v2\/types\/post"}],"author":[{"embeddable":true,"href":"https:\/\/hier-luebeck.de\/index.php\/wp-json\/wp\/v2\/users\/3"}],"replies":[{"embeddable":true,"href":"https:\/\/hier-luebeck.de\/index.php\/wp-json\/wp\/v2\/comments?post=8394"}],"version-history":[{"count":0,"href":"https:\/\/hier-luebeck.de\/index.php\/wp-json\/wp\/v2\/posts\/8394\/revisions"}],"wp:attachment":[{"href":"https:\/\/hier-luebeck.de\/index.php\/wp-json\/wp\/v2\/media?parent=8394"}],"wp:term":[{"taxonomy":"category","embeddable":true,"href":"https:\/\/hier-luebeck.de\/index.php\/wp-json\/wp\/v2\/categories?post=8394"},{"taxonomy":"post_tag","embeddable":true,"href":"https:\/\/hier-luebeck.de\/index.php\/wp-json\/wp\/v2\/tags?post=8394"}],"curies":[{"name":"wp","href":"https:\/\/api.w.org\/{rel}","templated":true}]}}