{"id":8410,"date":"2009-05-12T09:19:47","date_gmt":"2009-05-12T09:19:47","guid":{"rendered":"http:\/\/testserver\/wordpress\/?p=8310"},"modified":"2009-05-12T09:19:47","modified_gmt":"2009-05-12T09:19:47","slug":"wirtschaftsminister_dr_jrn_biel_bei_den_freien_berufen","status":"publish","type":"post","link":"https:\/\/hier-luebeck.de\/index.php\/wirtschaftsminister_dr_jrn_biel_bei_den_freien_berufen\/","title":{"rendered":"Wirtschaftsminister Dr. J\u00f6rn Biel bei den Freien Berufen"},"content":{"rendered":"<p><img decoding=\"async\" title=\"SHFahne\" src=\"http:\/\/www.hier-luebeck.de\/images\/topics\/SHFahne.jpg\" alt=\"SHFahne\" \/><br \/>\n2Selbst in Zeiten der Wirtschaftskrise nehmen die Freiberufler als kleine und mittelst\u00e4ndische Unternehmer ihre volle gesellschaftliche Verantwortung wahr,&#8220; stellte Hans-Peter K\u00fcchenmeister, der Vorsitzende des Landesverbandes der Freien Berufe in Schleswig-Holstein (LFB) fest. &#8222;Sie bieten der Gesellschaft eine regional gesicherte Arbeitsplatzstabilit\u00e4t,&#8220; sagte er auf dem traditionellen Jahresempfang seines Verbandes.<!--more-->In einem Zehnjahresvergleich hat das Institut f\u00fcr Arbeitsmarkt- und Berufsforschung (IAB)  einen Arbeitsplatzr\u00fcckgang insgesamt festgestellt. Betriebe mit 500 und mehr Besch\u00e4ftigten haben fast 26 Prozent abgebaut, bei der Gr\u00f6\u00dfenordnung zwischen 250 und 499 Arbeitnehmern waren es 8 Prozent, bei kleinen und mittleren Unternehmen unter einer Besch\u00e4ftigtenzahl von 250 Mitarbeitern wie die Freiberufler nur rund 2 Prozent.<\/p>\n<p>&#8222;Die Freien Berufe haben einen festen Platz im wirtschaftlichen und politischen Leben,&#8220; bekr\u00e4ftigte Wirtschaftminister Dr. J\u00f6rn Biel in seinem Gru\u00dfwort, und ging damit auf deren \u00f6konomische und gesellschaftspolitische Relevanz in vielen Lebensbereichen ein.<\/p>\n<p>Biel zeigte sich \u00fcberzeugt, das Schleswig-Holstein die Krise vergleichsweise gut meistern w\u00fcrde, weil der Mittelstand gut aufgestellt sei. Zudem habe sein Wirtschaftsministerium das Vergaberecht f\u00fcr \u00f6ffentliche Auftr\u00e4ge deutlich vereinfacht. Ziel sei es jetzt, dass diese Investitionen z\u00fcgig  auf den Weg gebracht werden, um die Auftragslage der schleswig-holsteinischen Wirtschaft zu verbessern.<\/p>\n<p>K\u00fcchenmeister sieht darin ein Zeichen der schleswig-holsteinischen Wirtschaftspolitik, nicht nur \u00fcber Hilfen f\u00fcr gro\u00dfe Industrieunternehmen nachzudenken, wie es auf Bundesebene geschieht, sondern auch den kleinen und mittelst\u00e4ndischen Freiberuflern zu helfen, um die eigene Liquidit\u00e4t zu sichern und sich auch gegen Risiken wie etwa Insolvenzen von Dritten zu sichern. <\/p>\n<p>In Schleswig-Holstein setzt der LFB sich auch in der Wirtschaftskrise intensiv f\u00fcr mehr Ausbildungspl\u00e4tze ein und beteiligt sich an der Landespartnerschaft Schule\/Wirtschaft. <\/p>\n<p>Ein Kennzeichen der Freien Berufe sei es, dass sie nicht nur im Interesse derjenigen wirken, die sie bezahlen, sondern auch dem Gemeinwohl dienen: der Gesundheit, dem Rechtsstaat, der Sicherheit, den Sprachen oder der Kunst. &#8222;Freiberufler stehen mit ihrem Namen f\u00fcr die Qualit\u00e4t ihrer Arbeit ein,&#8220; so K\u00fcchenmeister. &#8222;Unser Verh\u00e4ltnis zum Klienten, Mandanten, Patienten, Kunden wird immer ein pers\u00f6nlich gepr\u00e4gtes bleiben. Das haben wir fremdkapitalfinanzierten Ketten und b\u00f6rsennotierten Konzernen voraus.&#8220;<\/p>\n","protected":false},"excerpt":{"rendered":"<p>2Selbst in Zeiten der Wirtschaftskrise nehmen die Freiberufler als kleine und mittelst\u00e4ndische Unternehmer ihre volle gesellschaftliche Verantwortung wahr,&#8220; stellte Hans-Peter<\/p>\n","protected":false},"author":3,"featured_media":0,"comment_status":"open","ping_status":"open","sticky":false,"template":"","format":"standard","meta":{"colormag_page_container_layout":"default_layout","colormag_page_sidebar_layout":"default_layout","footnotes":""},"categories":[5],"tags":[],"class_list":["post-8410","post","type-post","status-publish","format-standard","hentry","category-politik-wirtschaft"],"_links":{"self":[{"href":"https:\/\/hier-luebeck.de\/index.php\/wp-json\/wp\/v2\/posts\/8410","targetHints":{"allow":["GET"]}}],"collection":[{"href":"https:\/\/hier-luebeck.de\/index.php\/wp-json\/wp\/v2\/posts"}],"about":[{"href":"https:\/\/hier-luebeck.de\/index.php\/wp-json\/wp\/v2\/types\/post"}],"author":[{"embeddable":true,"href":"https:\/\/hier-luebeck.de\/index.php\/wp-json\/wp\/v2\/users\/3"}],"replies":[{"embeddable":true,"href":"https:\/\/hier-luebeck.de\/index.php\/wp-json\/wp\/v2\/comments?post=8410"}],"version-history":[{"count":0,"href":"https:\/\/hier-luebeck.de\/index.php\/wp-json\/wp\/v2\/posts\/8410\/revisions"}],"wp:attachment":[{"href":"https:\/\/hier-luebeck.de\/index.php\/wp-json\/wp\/v2\/media?parent=8410"}],"wp:term":[{"taxonomy":"category","embeddable":true,"href":"https:\/\/hier-luebeck.de\/index.php\/wp-json\/wp\/v2\/categories?post=8410"},{"taxonomy":"post_tag","embeddable":true,"href":"https:\/\/hier-luebeck.de\/index.php\/wp-json\/wp\/v2\/tags?post=8410"}],"curies":[{"name":"wp","href":"https:\/\/api.w.org\/{rel}","templated":true}]}}