{"id":8436,"date":"2009-06-04T19:17:36","date_gmt":"2009-06-04T19:17:36","guid":{"rendered":"http:\/\/testserver\/wordpress\/?p=8336"},"modified":"2009-06-04T19:17:36","modified_gmt":"2009-06-04T19:17:36","slug":"taxistand_im_bereich_des_lohmhlencenters_fdpfraktion_stellt_dringlichkeitsantrag","status":"publish","type":"post","link":"https:\/\/hier-luebeck.de\/index.php\/taxistand_im_bereich_des_lohmhlencenters_fdpfraktion_stellt_dringlichkeitsantrag\/","title":{"rendered":"Taxistand im Bereich des &#8222;Lohm\u00fchlen-Centers&#8220;: FDP-Fraktion stellt Dringlichkeitsantrag"},"content":{"rendered":"<p><img decoding=\"async\" title=\"FDP_LOGO\" src=\"http:\/\/www.hier-luebeck.de\/images\/topics\/FDP_LOGO.jpg\" alt=\"FDP_LOGO\" \/><br \/>\nDie FDP-Fraktion in der L\u00fcbecker B\u00fcrgerschaft setzt sich daf\u00fcr ein, dass im Bereich des &#8222;Lohm\u00fchlen-Centers&#8220; ein regul\u00e4rer Taxistand eingerichtet wird. Damit reagieren die Liberalen auf entsprechende Presseberichte, in denen von gezieltem Vorgehen der Stadtverwaltung gegen Taxifahrer berichtet wird, die in diesem Bereich nahe der Diskothek &#8222;A 1&#8220; parken und warten, um Fahrg\u00e4ste aufzunehmen.<!--more-->&#8222;Aus Gr\u00fcnden der Sicherheit von vorwiegend jugendlichen Disko-Besuchern erscheint es uns dringend geboten, diesen auch die auch spontane Nutzung eines Taxis zu erm\u00f6glichen, um sicher nach Hause zu kommen,&#8220; erkl\u00e4rt FDP-Fraktionschef Thomas Schalies. Sollte die Einrichtung eines Taxistandes zumindest w\u00e4hrend der \u00d6ffnungszeiten der Diskothek im genannten Bereich nicht m\u00f6glich sein, sollen nach dem Ansinnen der FDP von der Stadtverwaltung Alternativen gepr\u00fcft werden. <\/p>\n<p>Dazu haben die Liberalen jetzt einen Dringlichkeitsantrag f\u00fcr die kommende Sitzung der B\u00fcrgerschaft am Donnerstag (28.05.2009) eingebracht. Sollte der Antrag eine Mehrheit finden, wird die Verwaltung bereits in der Juni-Sitzung der B\u00fcrgerschaft einen entsprechenden Bericht vorlegen, wie das Taxistand-Problem am &#8222;Lohm\u00fchlen-Center&#8220; gel\u00f6st werden kann.<\/p>\n<p>Der FDP-Mann \u00fcbt im \u00dcbrigen heftige Kritik an der Stadt: &#8222;Als Familienvater kann man angesichts des wenig sensiblen Umgangs der Verwaltung mit dem Sicherheitsbed\u00fcrfnis junger Menschen nur mit dem Kopf sch\u00fctteln&#8220;, so Schalies w\u00f6rtlich.<\/p>\n","protected":false},"excerpt":{"rendered":"<p>Die FDP-Fraktion in der L\u00fcbecker B\u00fcrgerschaft setzt sich daf\u00fcr ein, dass im Bereich des &#8222;Lohm\u00fchlen-Centers&#8220; ein regul\u00e4rer Taxistand eingerichtet wird.<\/p>\n","protected":false},"author":3,"featured_media":0,"comment_status":"open","ping_status":"open","sticky":false,"template":"","format":"standard","meta":{"colormag_page_container_layout":"default_layout","colormag_page_sidebar_layout":"default_layout","footnotes":""},"categories":[5],"tags":[],"class_list":["post-8436","post","type-post","status-publish","format-standard","hentry","category-politik-wirtschaft"],"_links":{"self":[{"href":"https:\/\/hier-luebeck.de\/index.php\/wp-json\/wp\/v2\/posts\/8436","targetHints":{"allow":["GET"]}}],"collection":[{"href":"https:\/\/hier-luebeck.de\/index.php\/wp-json\/wp\/v2\/posts"}],"about":[{"href":"https:\/\/hier-luebeck.de\/index.php\/wp-json\/wp\/v2\/types\/post"}],"author":[{"embeddable":true,"href":"https:\/\/hier-luebeck.de\/index.php\/wp-json\/wp\/v2\/users\/3"}],"replies":[{"embeddable":true,"href":"https:\/\/hier-luebeck.de\/index.php\/wp-json\/wp\/v2\/comments?post=8436"}],"version-history":[{"count":0,"href":"https:\/\/hier-luebeck.de\/index.php\/wp-json\/wp\/v2\/posts\/8436\/revisions"}],"wp:attachment":[{"href":"https:\/\/hier-luebeck.de\/index.php\/wp-json\/wp\/v2\/media?parent=8436"}],"wp:term":[{"taxonomy":"category","embeddable":true,"href":"https:\/\/hier-luebeck.de\/index.php\/wp-json\/wp\/v2\/categories?post=8436"},{"taxonomy":"post_tag","embeddable":true,"href":"https:\/\/hier-luebeck.de\/index.php\/wp-json\/wp\/v2\/tags?post=8436"}],"curies":[{"name":"wp","href":"https:\/\/api.w.org\/{rel}","templated":true}]}}