{"id":8452,"date":"2009-06-18T14:35:34","date_gmt":"2009-06-18T14:35:34","guid":{"rendered":"http:\/\/testserver\/wordpress\/?p=8352"},"modified":"2009-06-18T14:35:34","modified_gmt":"2009-06-18T14:35:34","slug":"angelika_birk_lrm_und_schallschutzmanahmen_in_schulen_und_kitas__jetzt","status":"publish","type":"post","link":"https:\/\/hier-luebeck.de\/index.php\/angelika_birk_lrm_und_schallschutzmanahmen_in_schulen_und_kitas__jetzt\/","title":{"rendered":"Angelika Birk: L\u00e4rm- und Schallschutzma\u00dfnahmen in Schulen und Kitas &#8211; Jetzt!"},"content":{"rendered":"<p><img decoding=\"async\" title=\"gruene_logo\" src=\"http:\/\/www.hier-luebeck.de\/images\/topics\/gruene_logo.gif\" alt=\"gruene_logo\" \/><br \/>\nL\u00e4rmschutz in Schulen und Kitas &#8211; Dazu sagt die sozialpolitische Sprecherin der Fraktion B\u00fcndnis 90\/Die Gr\u00fcnen: In vielen R\u00e4umen, in denen gelernt werden soll, herrscht ein Schall wie in einer Blechb\u00fcchse. Wir m\u00fcssen in Kitas, Schulen und Hochschulen den Schallschutz in Klassenr\u00e4umen und Gruppenr\u00e4umen deutlich verbessern. Die ErzieherInnen, die mutig seit Wochen streiken, f\u00fchren immer wieder bei ihrem Anspruch auf Gesundheitsschutz als ersten Punkt das L\u00e4rmproblem an.<!--more-->Derzeit stehen angesichts der Schulreform, des Krippenausbaus und des Konjunkturpaketes II, aber auch aufgrund der M\u00f6glichkeiten weiterer Landesf\u00f6rderung und des kommunalen Investitionsfonds in Schulen, Hochschulen und Kindertagesst\u00e4tten wesentliche Neubau- und Sanierungsma\u00dfnahmen an. Diese Weichenstellung gilt es jetzt f\u00fcr den Schallschutz zu nutzen und insgesamt die Baubestimmungen auf der Grundlage der DIN 18041 und 4109 entsprechend zu \u00e4ndern. <\/p>\n<p>Vor diesem Hintergrund bedauere ich es, dass die Landesregierung anders als im Bildungsausschuss auf meine Frage angek\u00fcndigt, dieses Thema nicht verbindlich in die neuen Richtlinien f\u00fcr die genannten Investitionsprogramme hinein genommen hat.<\/p>\n<p>Schon zur letzten Landtagssitzung haben wir den Antrag, dieses nachzuholen, eingebracht. Dieser Antrag wartet zurzeit noch im Bildungsausschuss auf seine Behandlung. Hier liegt Ihnen nun dazu erg\u00e4nzend der Berichtsantrag zur Beschlussfassung vor.<\/p>\n<p>Wir haben gerade den Bericht zu den Ma\u00dfnahmen barrierefreien Bauens geh\u00f6rt. Einen solchen Bericht, allerdings mit den entscheidenden Zahlen und Fakten, anstatt blo\u00dfer Ortsnamen, soll dem Landtag zum Abschluss des Konjunkturpaketes II vorgelegt werden.<\/p>\n<p>Das Ausma\u00df und die Folgen von L\u00e4rm in der Schule, aber auch in anderen \u00f6ffentlichen R\u00e4umen, in denen sich Kinder und Jugendliche zum Lernen und Spielen aufhalten, werden weit untersch\u00e4tzt, ebenso die M\u00f6glichkeiten des technischen Schallschutzes.<\/p>\n<p>Die Frustration wegen schlechter Akustik verst\u00e4rkt den Anreiz, im Unterricht ganz abzuschalten oder andere zu \u00fcbert\u00f6nen, so dass der allgemeine L\u00e4rmpegel weiter ansteigt und der allgemeine Lernerfolg sinkt. <\/p>\n<p>Zu viel Nachhall oder zu viel L\u00e4rm von au\u00dfen behindert, schafft Barrieren f\u00fcr alle. Am meisten benachteiligt er allerdings diejenigen Kinder und Jugendlichen, die sowieso Konzentrationsschwierigkeiten oder Probleme mit dem H\u00f6ren und Sprechen haben. Ihr Bildungserfolg insbesondere beim Lesen und Schreiben lernen und im Fremdsprachenunterricht wird erheblich erschwert. Dies gilt vor allem f\u00fcr Kinder, die Deutsch nicht als Muttersprache beherrschen.<\/p>\n<p>In einer Raumakustik mit zuviel Nachhall oder eindringendem Au\u00dfenl\u00e4rm m\u00fcssen p\u00e4dagogische Kr\u00e4fte ihre Stimme st\u00e4ndig \u00fcberanstrengen. Stimmbanderkrankungen, H\u00f6rsch\u00e4den und Nervenleiden durch L\u00e4rmbelastung sind eine der h\u00e4ufigsten Gr\u00fcnde der Fr\u00fchpensionierung auch und gerade besonders engagierter ErzieherInnen und Lehrkr\u00e4fte. Es lernt und lehrt sich besser in schallged\u00e4mpften R\u00e4umen. <\/p>\n","protected":false},"excerpt":{"rendered":"<p>L\u00e4rmschutz in Schulen und Kitas &#8211; Dazu sagt die sozialpolitische Sprecherin der Fraktion B\u00fcndnis 90\/Die Gr\u00fcnen: In vielen R\u00e4umen, in<\/p>\n","protected":false},"author":3,"featured_media":0,"comment_status":"open","ping_status":"open","sticky":false,"template":"","format":"standard","meta":{"colormag_page_container_layout":"default_layout","colormag_page_sidebar_layout":"default_layout","footnotes":""},"categories":[5],"tags":[],"class_list":["post-8452","post","type-post","status-publish","format-standard","hentry","category-politik-wirtschaft"],"_links":{"self":[{"href":"https:\/\/hier-luebeck.de\/index.php\/wp-json\/wp\/v2\/posts\/8452","targetHints":{"allow":["GET"]}}],"collection":[{"href":"https:\/\/hier-luebeck.de\/index.php\/wp-json\/wp\/v2\/posts"}],"about":[{"href":"https:\/\/hier-luebeck.de\/index.php\/wp-json\/wp\/v2\/types\/post"}],"author":[{"embeddable":true,"href":"https:\/\/hier-luebeck.de\/index.php\/wp-json\/wp\/v2\/users\/3"}],"replies":[{"embeddable":true,"href":"https:\/\/hier-luebeck.de\/index.php\/wp-json\/wp\/v2\/comments?post=8452"}],"version-history":[{"count":0,"href":"https:\/\/hier-luebeck.de\/index.php\/wp-json\/wp\/v2\/posts\/8452\/revisions"}],"wp:attachment":[{"href":"https:\/\/hier-luebeck.de\/index.php\/wp-json\/wp\/v2\/media?parent=8452"}],"wp:term":[{"taxonomy":"category","embeddable":true,"href":"https:\/\/hier-luebeck.de\/index.php\/wp-json\/wp\/v2\/categories?post=8452"},{"taxonomy":"post_tag","embeddable":true,"href":"https:\/\/hier-luebeck.de\/index.php\/wp-json\/wp\/v2\/tags?post=8452"}],"curies":[{"name":"wp","href":"https:\/\/api.w.org\/{rel}","templated":true}]}}