{"id":8456,"date":"2009-06-19T10:05:20","date_gmt":"2009-06-19T10:05:20","guid":{"rendered":"http:\/\/testserver\/wordpress\/?p=8356"},"modified":"2009-06-19T10:05:20","modified_gmt":"2009-06-19T10:05:20","slug":"465_jahre_stadtbckerei_junge_innovatives_traditionsunternehmen_ist_stolz_auf_seine_jubilare","status":"publish","type":"post","link":"https:\/\/hier-luebeck.de\/index.php\/465_jahre_stadtbckerei_junge_innovatives_traditionsunternehmen_ist_stolz_auf_seine_jubilare\/","title":{"rendered":"465 Jahre Stadtb\u00e4ckerei Junge: Innovatives Traditionsunternehmen ist stolz auf seine Jubilare"},"content":{"rendered":"<p><img decoding=\"async\" title=\"JungeJubilare\" src=\"http:\/\/www.hier-luebeck.de\/images\/topics\/JungeJubilare.jpg\" alt=\"JungeJubilare\" \/><br \/>\nFoto: Die 25 stolzen Jubilare der Stadtb\u00e4ckerei Junge.<\/p>\n<p>465 Jahre Stadtb\u00e4ckerei Junge, auf diese beachtliche Zahl an Jahren der Betriebszugeh\u00f6rigkeit bringen es die 25 Jubilare (siehe Foto) des Unternehmens zusammengenommen. Am l\u00e4ngsten dabei sind Konditor Klaus-Peter Fiehn und B\u00e4cker Hans Haupt mit stolzen 30 Jahren im Dienste der Qualit\u00e4t bei der Stadtb\u00e4ckerei Junge. Filialleiterin Sieglinde Teske und Verk\u00e4uferin Karin Ohmen-Meneses Gomzales halten bereits seit 25 bzw. 20 Jahren dem Unternehmen die Treue.<!--more-->Gefeiert wurde das gro\u00dfe Jubil\u00e4um nach guter Haustradition am letzten Mittwoch in der L\u00fcbecker Schiffergesellschaft. &#8222;Es gibt heutzutage nicht mehr viele Unternehmen, dem die Mitarbeiter \u00fcber einen so langen Zeitraum die Treue halten. Die ehrt uns und erf\u00fcllt uns mit Stolz,&#8220; sagte gesch\u00e4ftsf\u00fchrende Inhaber der Stadtb\u00e4ckerei Junge, Axel Junge. &#8222;Insbesondere die Erfahrung der \u00e4lteren Kollegen ist unverzichtbar f\u00fcr ein dynamisches und innovatives Familienunternehmen.&#8220;<\/p>\n","protected":false},"excerpt":{"rendered":"<p>Foto: Die 25 stolzen Jubilare der Stadtb\u00e4ckerei Junge. 465 Jahre Stadtb\u00e4ckerei Junge, auf diese beachtliche Zahl an Jahren der Betriebszugeh\u00f6rigkeit<\/p>\n","protected":false},"author":3,"featured_media":0,"comment_status":"open","ping_status":"open","sticky":false,"template":"","format":"standard","meta":{"colormag_page_container_layout":"default_layout","colormag_page_sidebar_layout":"default_layout","footnotes":""},"categories":[5],"tags":[],"class_list":["post-8456","post","type-post","status-publish","format-standard","hentry","category-politik-wirtschaft"],"_links":{"self":[{"href":"https:\/\/hier-luebeck.de\/index.php\/wp-json\/wp\/v2\/posts\/8456","targetHints":{"allow":["GET"]}}],"collection":[{"href":"https:\/\/hier-luebeck.de\/index.php\/wp-json\/wp\/v2\/posts"}],"about":[{"href":"https:\/\/hier-luebeck.de\/index.php\/wp-json\/wp\/v2\/types\/post"}],"author":[{"embeddable":true,"href":"https:\/\/hier-luebeck.de\/index.php\/wp-json\/wp\/v2\/users\/3"}],"replies":[{"embeddable":true,"href":"https:\/\/hier-luebeck.de\/index.php\/wp-json\/wp\/v2\/comments?post=8456"}],"version-history":[{"count":0,"href":"https:\/\/hier-luebeck.de\/index.php\/wp-json\/wp\/v2\/posts\/8456\/revisions"}],"wp:attachment":[{"href":"https:\/\/hier-luebeck.de\/index.php\/wp-json\/wp\/v2\/media?parent=8456"}],"wp:term":[{"taxonomy":"category","embeddable":true,"href":"https:\/\/hier-luebeck.de\/index.php\/wp-json\/wp\/v2\/categories?post=8456"},{"taxonomy":"post_tag","embeddable":true,"href":"https:\/\/hier-luebeck.de\/index.php\/wp-json\/wp\/v2\/tags?post=8456"}],"curies":[{"name":"wp","href":"https:\/\/api.w.org\/{rel}","templated":true}]}}