{"id":8471,"date":"2009-06-26T09:21:21","date_gmt":"2009-06-26T09:21:21","guid":{"rendered":"http:\/\/testserver\/wordpress\/?p=8371"},"modified":"2009-06-26T09:21:21","modified_gmt":"2009-06-26T09:21:21","slug":"tarifverdienste_wachsen_in_frankreich_seit_fnf_jahren_strker_als_in_deutschland","status":"publish","type":"post","link":"https:\/\/hier-luebeck.de\/index.php\/tarifverdienste_wachsen_in_frankreich_seit_fnf_jahren_strker_als_in_deutschland\/","title":{"rendered":"Tarifverdienste wachsen in Frankreich seit f\u00fcnf Jahren st\u00e4rker als in Deutschland"},"content":{"rendered":"<p><img decoding=\"async\" title=\"destatis-logo\" src=\"http:\/\/www.hier-luebeck.de\/images\/topics\/destatis-logo.gif\" alt=\"destatis-logo\" \/><br \/>\nWiesbaden &#8211; Die tariflichen Monatsverdienste der Arbeitnehmerinnen und Arbeitnehmer stiegen nach Mitteilung des Statistischen Bundesamtes (Destatis) im Jahr 2008 gegen\u00fcber dem Vorjahr in Deutschland durchschnittlich um 2,8% und in Frankreich um 3,1%. Damit lagen die durchschnittlichen Tariferh\u00f6hungen in Deutschland das f\u00fcnfte Jahr in Folge unter denen in Frankreich. Der Harmonisierte Verbraucherpreisindex erh\u00f6hte sich im Jahr 2008 sowohl in Deutschland als auch in Frankreich um 2,8%.<br \/>\n<!--more-->Der vergleichsweise hohe Anstieg der Tarifverdienste in beiden L\u00e4ndern geht haupts\u00e4chlich auf die hohen Tarifabschl\u00fcsse im ersten Halbjahr 2008 zur\u00fcck. In der zweiten Jahresh\u00e4lfte fielen die Tariferh\u00f6hungen dagegen deutlich niedriger aus. In Deutschland resultierte diese Entwicklung haupts\u00e4chlich auf Stufenerh\u00f6hungen in vielen gro\u00dfen Branchen, die bereits 2007 oder in den Vorjahren abgeschlossen worden waren und in der Regel niedriger ausfielen als die erste Tarifanhebung. In Frankreich waren die niedrigeren Tariferh\u00f6hungen im zweiten Halbjahr 2008 hingegen bereits Folge der sich abzeichnenden Finanzkrise.<br \/>\nIn Frankreich weisen die tariflichen Monatsverdienste der Arbeitnehmerinnen und Arbeitnehmer in der Energie- und Wasserversorgung 2008 mit 4,0% die h\u00f6chste und im Kreditgewerbe mit 2,9% die niedrigste Steigerung auf. In Deutschland variieren die durchschnittlichen Tariferh\u00f6hungen st\u00e4rker und lagen zwischen 4,5% in der Energie- und Wasserversorgung und 2,0% im Handel. Auch in den einzelnen Branchen des Produzierenden Gewerbes sind die Tarifverdienste in Frankreich gleichm\u00e4\u00dfiger gestiegen als in Deutschland. So erh\u00f6hten sich beispielsweise die durchschnittlichen Tarifverdienste der Arbeitnehmer in Frankreich in der Metallindustrie um 3,4%, in der Chemischen Industrie um 3,1% und im Ern\u00e4hrungsgewerbe um 3,2%. In Deutschland betrug der Anstieg der durchschnittlichen tariflichen Monatsverdienste in der Chemischen Industrie 4,5%, in der Metallindustrie 3,0% und im Ern\u00e4hrungsgewerbe 2,1%.<br \/>\nIn Frankreich wurden im Handel mit 3,1% durchschnittliche Tarifsteigerungen erzielt. In Deutschland hingegen war die Entwicklung mit 2,0% unterdurchschnittlich. Die Tarifsteigerungen im Handel in Frankreich sind auch auf die Erh\u00f6hung des allgemein garantierten, gesetzlichen Mindestlohns in Frankreich (SMIC &#8211; salaire minimum interprofessionnel de croissance) zur\u00fcckzuf\u00fchren, der von der Regierung j\u00e4hrlich unter Ber\u00fccksichtigung des Anstiegs der Verbraucherpreise und der allgemeinen Lohnentwicklung festgelegt wird. Zum 1. Juli 2008 wurde der Mindestlohn in Frankreich um 3,2% auf 8,71 Euro pro Stunde angehoben. In Deutschland gibt es hingegen nur branchenspezifische Mindestl\u00f6hne f\u00fcr f\u00fcnf Bauberufe sowie das Geb\u00e4udereinigungshandwerk und die Briefdienstleister.<br \/>\nMethodische Hinweise: F\u00fcr den deutsch-franz\u00f6sischen Vergleich werden vom Statistischen Bundesamt und vom franz\u00f6sischen Statistischen Zentralamt (INSEE) Indikatoren zur kurzfristigen Lohn- und Arbeitszeitentwicklung j\u00e4hrlich zeitgleich in Wiesbaden und Paris ver\u00f6ffentlicht. Die Indizes der tariflichen Monatsverdienste der Arbeitnehmer in Deutschland messen die Entwicklung der durchschnittlichen Tarifverdienste. F\u00fcr die laufende Berechnung werden viertelj\u00e4hrlich die Ver\u00e4nderungen der Verg\u00fctungen ausgew\u00e4hlter Tarifvertr\u00e4ge ber\u00fccksichtigt. Die franz\u00f6sischen Ergebnisse beruhen auf einer viertelj\u00e4hrlichen Erhebung der so genannten Basisl\u00f6hne f\u00fcr den letzten Monat jedes Quartals bei Betrieben mit zehn und mehr Besch\u00e4ftigten.<br \/>\nEinbezogen werden jeweils das Produzierende Gewerbe, Handel, Transport und Nachrichten\u00fcbermittlung sowie Kredit- und Versicherungsgewerbe. Zulagen und Pr\u00e4mien sowie Einmalzahlungen werden nicht ber\u00fccksichtigt.<br \/>\nDer Harmonisierte Verbraucherpreisindex (HVPI) wird in Deutschland vom Statistischen Bundesamt parallel zum nationalen Verbraucherpreisindex berechnet. Der HVPI dient der Inflationsmessung und wird vorrangig f\u00fcr den innereurop\u00e4ischen Vergleich herangezogen.<\/p>\n","protected":false},"excerpt":{"rendered":"<p>Wiesbaden &#8211; Die tariflichen Monatsverdienste der Arbeitnehmerinnen und Arbeitnehmer stiegen nach Mitteilung des Statistischen Bundesamtes (Destatis) im Jahr 2008 gegen\u00fcber<\/p>\n","protected":false},"author":3,"featured_media":0,"comment_status":"open","ping_status":"open","sticky":false,"template":"","format":"standard","meta":{"colormag_page_container_layout":"default_layout","colormag_page_sidebar_layout":"default_layout","footnotes":""},"categories":[5],"tags":[],"class_list":["post-8471","post","type-post","status-publish","format-standard","hentry","category-politik-wirtschaft"],"_links":{"self":[{"href":"https:\/\/hier-luebeck.de\/index.php\/wp-json\/wp\/v2\/posts\/8471","targetHints":{"allow":["GET"]}}],"collection":[{"href":"https:\/\/hier-luebeck.de\/index.php\/wp-json\/wp\/v2\/posts"}],"about":[{"href":"https:\/\/hier-luebeck.de\/index.php\/wp-json\/wp\/v2\/types\/post"}],"author":[{"embeddable":true,"href":"https:\/\/hier-luebeck.de\/index.php\/wp-json\/wp\/v2\/users\/3"}],"replies":[{"embeddable":true,"href":"https:\/\/hier-luebeck.de\/index.php\/wp-json\/wp\/v2\/comments?post=8471"}],"version-history":[{"count":0,"href":"https:\/\/hier-luebeck.de\/index.php\/wp-json\/wp\/v2\/posts\/8471\/revisions"}],"wp:attachment":[{"href":"https:\/\/hier-luebeck.de\/index.php\/wp-json\/wp\/v2\/media?parent=8471"}],"wp:term":[{"taxonomy":"category","embeddable":true,"href":"https:\/\/hier-luebeck.de\/index.php\/wp-json\/wp\/v2\/categories?post=8471"},{"taxonomy":"post_tag","embeddable":true,"href":"https:\/\/hier-luebeck.de\/index.php\/wp-json\/wp\/v2\/tags?post=8471"}],"curies":[{"name":"wp","href":"https:\/\/api.w.org\/{rel}","templated":true}]}}