{"id":8523,"date":"2009-07-07T11:34:06","date_gmt":"2009-07-07T11:34:06","guid":{"rendered":"http:\/\/testserver\/wordpress\/?p=8423"},"modified":"2009-07-07T11:34:06","modified_gmt":"2009-07-07T11:34:06","slug":"im_osten_ziehen_paare_ohne_trauschein_hufiger_kinder_gro","status":"publish","type":"post","link":"https:\/\/hier-luebeck.de\/index.php\/im_osten_ziehen_paare_ohne_trauschein_hufiger_kinder_gro\/","title":{"rendered":"Im Osten ziehen Paare ohne Trauschein h\u00e4ufiger Kinder gro\u00df"},"content":{"rendered":"<p><img decoding=\"async\" title=\"destatis-logo\" src=\"http:\/\/www.hier-luebeck.de\/images\/topics\/destatis-logo.gif\" alt=\"destatis-logo\" \/><br \/>\nWiesbaden &#8211; Im Jahr 2008 zogen rund 41% der ostdeutschen Paare ohne Trauschein minderj\u00e4hrige Kinder gro\u00df. In Westdeutschland waren es 23%. Dies teilt das Statistische Bundesamt (Destatis) mit. Damit hat sich in den vergangenen zehn Jahren der Anteil der nichtehelichen Lebensgemeinschaften mit Kindern in Ostdeutschland kaum ver\u00e4ndert (April 1998: 42%), w\u00e4hrend er in Westdeutschland leicht anstieg (April 1998: 19%).<br \/>\n<!--more-->Im betrachteten Zeitraum stieg die Zahl der Paare ohne Trauschein im Osten Deutschlands von 539 000 auf 656 000 (+ 22%) und im Westen Deutschlands von 1,4 Millionen auf 1,8 Millionen (+ 31%). Das zeigen die Ergebnisse des Mikrozensus, der gr\u00f6\u00dften j\u00e4hrlichen Haushaltsbefragung in Europa. Weitere Ergebnisse des Mikrozensus 2008 werden in einer Pressekonferenz am 29. Juli 2009 in Berlin vorgestellt.<\/p>\n","protected":false},"excerpt":{"rendered":"<p>Wiesbaden &#8211; Im Jahr 2008 zogen rund 41% der ostdeutschen Paare ohne Trauschein minderj\u00e4hrige Kinder gro\u00df. In Westdeutschland waren es<\/p>\n","protected":false},"author":3,"featured_media":0,"comment_status":"open","ping_status":"open","sticky":false,"template":"","format":"standard","meta":{"colormag_page_container_layout":"default_layout","colormag_page_sidebar_layout":"default_layout","footnotes":""},"categories":[5],"tags":[],"class_list":["post-8523","post","type-post","status-publish","format-standard","hentry","category-politik-wirtschaft"],"_links":{"self":[{"href":"https:\/\/hier-luebeck.de\/index.php\/wp-json\/wp\/v2\/posts\/8523","targetHints":{"allow":["GET"]}}],"collection":[{"href":"https:\/\/hier-luebeck.de\/index.php\/wp-json\/wp\/v2\/posts"}],"about":[{"href":"https:\/\/hier-luebeck.de\/index.php\/wp-json\/wp\/v2\/types\/post"}],"author":[{"embeddable":true,"href":"https:\/\/hier-luebeck.de\/index.php\/wp-json\/wp\/v2\/users\/3"}],"replies":[{"embeddable":true,"href":"https:\/\/hier-luebeck.de\/index.php\/wp-json\/wp\/v2\/comments?post=8523"}],"version-history":[{"count":0,"href":"https:\/\/hier-luebeck.de\/index.php\/wp-json\/wp\/v2\/posts\/8523\/revisions"}],"wp:attachment":[{"href":"https:\/\/hier-luebeck.de\/index.php\/wp-json\/wp\/v2\/media?parent=8523"}],"wp:term":[{"taxonomy":"category","embeddable":true,"href":"https:\/\/hier-luebeck.de\/index.php\/wp-json\/wp\/v2\/categories?post=8523"},{"taxonomy":"post_tag","embeddable":true,"href":"https:\/\/hier-luebeck.de\/index.php\/wp-json\/wp\/v2\/tags?post=8523"}],"curies":[{"name":"wp","href":"https:\/\/api.w.org\/{rel}","templated":true}]}}