{"id":8619,"date":"2009-07-24T17:40:40","date_gmt":"2009-07-24T17:40:40","guid":{"rendered":"http:\/\/testserver\/wordpress\/?p=8519"},"modified":"2009-07-24T17:40:40","modified_gmt":"2009-07-24T17:40:40","slug":"hillerohm_und_ossege_lbeck_barrierefrei_fr_alle","status":"publish","type":"post","link":"https:\/\/hier-luebeck.de\/index.php\/hillerohm_und_ossege_lbeck_barrierefrei_fr_alle\/","title":{"rendered":"Hiller-Ohm und Ossege: L\u00fcbeck barrierefrei f\u00fcr alle!"},"content":{"rendered":"<p><img decoding=\"async\" title=\"Hiller-Ohm-08\" src=\"http:\/\/www.hier-luebeck.de\/images\/topics\/Hiller-Ohm-08.jpg\" alt=\"Hiller-Ohm-08\" \/><br \/>\nEs ist noch viel zu tun, darin sind sich die L\u00fcbecker Bundestagsabgeordnete Gabriele Hiller-Ohm und der Sprecherkreis f\u00fcr Menschen mit Behinderung einig. Barrierefrei &#8211; ja oder nein? Die Infrastruktur in L\u00fcbeck und Travem\u00fcnde wird auf den Pr\u00fcfstand gestellt. Eine erste gemeinsame Begehung rund um den Koberg mit der Vorsitzenden des Sprecherkreises Magdalene Ossege und den Mitgliedern Erika Bade und Manfred Behrens hat bereits stattgefunden. Nicht nur \u00f6ffentliche Geb\u00e4ude werden unter die Lupe genommen. Wichtiges Ziel ist die Einbeziehung von privaten Betreibern und die Schaffung eines Runden Tisches.<!--more-->Hiller-Ohm: &#8222;Die Lebenserwartung steigt. Das hat Auswirkungen auf die k\u00f6rperliche Konstitution. Die Anzahl der Menschen mit Beeintr\u00e4chtigungen wird weiter zunehmen. Wenn sich die Strukturen in unserer Stadt nachhaltig ver\u00e4ndern sollen, brauchen wir ein breites B\u00fcndnis f\u00fcr Barrierefreiheit. Das Thema Barrierefreiheit muss in die K\u00f6pfe rein. Bei Planung, Um- und Neubau. Dabei d\u00fcrfen wir nicht nur auf die \u00f6ffentlichen Geb\u00e4ude und den \u00f6ffentlichen Stra\u00dfenraum schauen. Ganz wichtig ist, dass auch Gastronomen, Hoteliers, Betreiberinnen und Betreiber von Gesch\u00e4ften und Fahrgastunternehmen einbezogen werden. Unser Rundgang hat das sehr deutlich gezeigt. Sensibilit\u00e4t und Akzeptanz f\u00fcr das Thema m\u00fcssen erh\u00f6ht werde. Denn oft ist es Unkenntnis oder ein Nichtdrandenken, was zu Barrieren f\u00fchrt. Vieles k\u00f6nnte besser sein. Bei Um- und Neubauten werden Menschen mit Behinderungen in der Regel jedoch \u00fcberhaupt nicht oder nicht rechtzeitig einbezogen. Es ist schon erstaunlich, dass die Kenntnisse und Erfahrungen der Betroffenen &#8211; also der eigentlichen Expertinnen und Experten &#8211; immer noch viel zu wenig Ber\u00fccksichtigung finden. Wir werden unsere Begehungen fortsetzen. Als n\u00e4chstes testen wir, wie es mit der Unterbringung von G\u00e4sten mit Behinderung in L\u00fcbeck bestellt ist. Die M\u00e4ngel und Anregungen aus unseren Pr\u00fcfg\u00e4ngen geben wir an die Betreiber mit der Bitte um Ver\u00e4nderung weiter.<\/p>\n<p>Unser Ziel ist die Einrichtung eines Runden Tisches mit allen Betroffenen. Hier soll gemeinsam nach L\u00f6sungen f\u00fcr die vielen Barrieren gesucht werden, die es in unserer Stadt noch zu \u00fcberwinden gibt.&#8220;<\/p>\n","protected":false},"excerpt":{"rendered":"<p>Es ist noch viel zu tun, darin sind sich die L\u00fcbecker Bundestagsabgeordnete Gabriele Hiller-Ohm und der Sprecherkreis f\u00fcr Menschen mit<\/p>\n","protected":false},"author":3,"featured_media":0,"comment_status":"open","ping_status":"open","sticky":false,"template":"","format":"standard","meta":{"colormag_page_container_layout":"default_layout","colormag_page_sidebar_layout":"default_layout","footnotes":""},"categories":[5],"tags":[],"class_list":["post-8619","post","type-post","status-publish","format-standard","hentry","category-politik-wirtschaft"],"_links":{"self":[{"href":"https:\/\/hier-luebeck.de\/index.php\/wp-json\/wp\/v2\/posts\/8619","targetHints":{"allow":["GET"]}}],"collection":[{"href":"https:\/\/hier-luebeck.de\/index.php\/wp-json\/wp\/v2\/posts"}],"about":[{"href":"https:\/\/hier-luebeck.de\/index.php\/wp-json\/wp\/v2\/types\/post"}],"author":[{"embeddable":true,"href":"https:\/\/hier-luebeck.de\/index.php\/wp-json\/wp\/v2\/users\/3"}],"replies":[{"embeddable":true,"href":"https:\/\/hier-luebeck.de\/index.php\/wp-json\/wp\/v2\/comments?post=8619"}],"version-history":[{"count":0,"href":"https:\/\/hier-luebeck.de\/index.php\/wp-json\/wp\/v2\/posts\/8619\/revisions"}],"wp:attachment":[{"href":"https:\/\/hier-luebeck.de\/index.php\/wp-json\/wp\/v2\/media?parent=8619"}],"wp:term":[{"taxonomy":"category","embeddable":true,"href":"https:\/\/hier-luebeck.de\/index.php\/wp-json\/wp\/v2\/categories?post=8619"},{"taxonomy":"post_tag","embeddable":true,"href":"https:\/\/hier-luebeck.de\/index.php\/wp-json\/wp\/v2\/tags?post=8619"}],"curies":[{"name":"wp","href":"https:\/\/api.w.org\/{rel}","templated":true}]}}