{"id":86567,"date":"2013-05-23T18:20:25","date_gmt":"2013-05-23T16:20:25","guid":{"rendered":"http:\/\/www.hier-luebeck.de\/?p=86567"},"modified":"2013-05-23T18:20:25","modified_gmt":"2013-05-23T16:20:25","slug":"theater-lubeck-klangbilder-ii-tarantella-musikalische-geschichten-zur-suditalienischen-tanzmusik","status":"publish","type":"post","link":"https:\/\/hier-luebeck.de\/index.php\/theater-lubeck-klangbilder-ii-tarantella-musikalische-geschichten-zur-suditalienischen-tanzmusik\/","title":{"rendered":"Theater L\u00fcbeck: Klangbilder II Tarantella Musikalische Geschichten zur s\u00fcditalienischen Tanzmusik"},"content":{"rendered":"<p>Am Montag, 03. Juni 2013, 20.00 Uhr, werden im Museum Behnhaus Dr\u00e4gerhaus die Klangbilder Taratella dargeboten. \u00a0Temporeich, turbulent, temperamentvoll \u2013 die Tarantella, der ber\u00fchmte s\u00fcditalienische Volkstanz, zieht\u00a0Zuh\u00f6rer, Zuschauer und Ausf\u00fchrende gleicherma\u00dfen in ihren Bann. <!--more-->Der Volksglaube verbindet den\u00a0Tanz mit der \u00bbLycosa Tarentula\u00ab, einer im Mittelmeerraum beheimateten Spinne, deren Gift\u00a0vornehmlich bei Frauen Ausl\u00f6ser verschiedenster psychischer und physischer St\u00f6rungen sein kann.<\/p>\n<p>Einmal von der Tarantel gebissen, konnte sich das Opfer nur durch den ekstatischen, oft bis zur\u00a0Ersch\u00f6pfung ausgef\u00fchrten Tanz heilen und das Spinnengift aus dem K\u00f6rper treiben. Fest steht aber,\u00a0dass der Name \u00bbTarantella\u00ab, ebenso wie der Name der Spinne, von der Stadt Taranto in Apulien\u00a0abgeleitet wurde, denn das Tier war in dieser Region wie eine Plage anzutreffen. Die Tarantella wurde\u00a0im Laufe der Zeit ein Tanz der Liebe und des Vergn\u00fcgens, der viel von der Mentalit\u00e4t, vom Seelenleben\u00a0und von der Kultur der S\u00fcditaliener erz\u00e4hlt.<\/p>\n<p>Das Martino-Ensemble hat sich mit Leidenschaft der\u00a0Musikkultur des italienischen S\u00fcdens verschrieben. In eleganten und ungew\u00f6hnlich spannenden<br \/>\nKammermusik-Arrangements f\u00f6rdern die Musiker die Besonderheiten dieser gef\u00fchlsstarken und\u00a0temperamentvollen Musik zutage. Neben bekannten Ohrw\u00fcrmen wie \u00bbFunicul\u00ec, Funicul\u00e0\u00ab, das\u00a0anl\u00e4sslich der Er\u00f6ffnung der Seilbahn auf den Vesuv entstand, oder der schwungvollen \u00bbTarantella del\u00a0mare\u00ab erklingen Lieder, die Geschichten erz\u00e4hlen, Gl\u00fcck und Leid verarbeiten oder einfach nur die\u00a0Sch\u00f6nheit des Landes bewundern.<\/p>\n<p>Gian-Marco Martino, der S\u00e4nger des Ensembles, f\u00fchrt durch das\u00a0Programm, kommentiert die Liedinhalte und liefert spannende Hintergrundinformationen zum<br \/>\nkulturhistorischen Kontext. Ein fr\u00fchsommerlicher, musikalisch-mediterraner Konzertabend im\u00a0stimmungsvollen Ambiente der Halle im Museum Behnhaus Dr\u00e4gerhaus!<\/p>\n<p><strong>Das Martino-Ensemble:<\/strong><br \/>\nGesang Gian-Marco Martino<br \/>\nVioline Evelyne Saad<br \/>\nVioloncello Caroline Metzger<br \/>\nAkkordeon Susanne Frohriep<br \/>\nMandoline\/Gitarre Roberto Colantonio<br \/>\nKontrabass Stanislav Efaev<br \/>\nArrangement Oliver Frei<\/p>\n<p><strong>Termin Mo, 03\/06, 20.00 Uhr<\/strong><br \/>\n<strong>Veranstaltungsort Museum Behnhaus Dr\u00e4gerhaus<\/strong><br \/>\n<strong>Die Klangbilderkonzerte sind eine Kooperation des Theater L\u00fcbeck und der L\u00fcbecker<\/strong>\u00a0<strong>Museen.<\/strong><\/p>\n","protected":false},"excerpt":{"rendered":"<p>Am Montag, 03. Juni 2013, 20.00 Uhr, werden im Museum Behnhaus Dr\u00e4gerhaus die Klangbilder Taratella dargeboten. \u00a0Temporeich, turbulent, temperamentvoll \u2013<\/p>\n","protected":false},"author":3,"featured_media":0,"comment_status":"open","ping_status":"open","sticky":false,"template":"","format":"standard","meta":{"colormag_page_container_layout":"default_layout","colormag_page_sidebar_layout":"default_layout","footnotes":""},"categories":[13],"tags":[],"class_list":["post-86567","post","type-post","status-publish","format-standard","hentry","category-veranstaltungen"],"_links":{"self":[{"href":"https:\/\/hier-luebeck.de\/index.php\/wp-json\/wp\/v2\/posts\/86567","targetHints":{"allow":["GET"]}}],"collection":[{"href":"https:\/\/hier-luebeck.de\/index.php\/wp-json\/wp\/v2\/posts"}],"about":[{"href":"https:\/\/hier-luebeck.de\/index.php\/wp-json\/wp\/v2\/types\/post"}],"author":[{"embeddable":true,"href":"https:\/\/hier-luebeck.de\/index.php\/wp-json\/wp\/v2\/users\/3"}],"replies":[{"embeddable":true,"href":"https:\/\/hier-luebeck.de\/index.php\/wp-json\/wp\/v2\/comments?post=86567"}],"version-history":[{"count":1,"href":"https:\/\/hier-luebeck.de\/index.php\/wp-json\/wp\/v2\/posts\/86567\/revisions"}],"predecessor-version":[{"id":86568,"href":"https:\/\/hier-luebeck.de\/index.php\/wp-json\/wp\/v2\/posts\/86567\/revisions\/86568"}],"wp:attachment":[{"href":"https:\/\/hier-luebeck.de\/index.php\/wp-json\/wp\/v2\/media?parent=86567"}],"wp:term":[{"taxonomy":"category","embeddable":true,"href":"https:\/\/hier-luebeck.de\/index.php\/wp-json\/wp\/v2\/categories?post=86567"},{"taxonomy":"post_tag","embeddable":true,"href":"https:\/\/hier-luebeck.de\/index.php\/wp-json\/wp\/v2\/tags?post=86567"}],"curies":[{"name":"wp","href":"https:\/\/api.w.org\/{rel}","templated":true}]}}