{"id":86571,"date":"2013-05-23T18:32:04","date_gmt":"2013-05-23T16:32:04","guid":{"rendered":"http:\/\/www.hier-luebeck.de\/?p=86571"},"modified":"2013-05-23T18:32:04","modified_gmt":"2013-05-23T16:32:04","slug":"theater-lubeck-4-kinder-jugend-und-familienkonzert-romeo-julia-29-mai-18-30-uhr-donnerstag-30-mai-2013-11-00-uhr","status":"publish","type":"post","link":"https:\/\/hier-luebeck.de\/index.php\/theater-lubeck-4-kinder-jugend-und-familienkonzert-romeo-julia-29-mai-18-30-uhr-donnerstag-30-mai-2013-11-00-uhr\/","title":{"rendered":"Theater L\u00fcbeck : 4. Kinder-, Jugend- und Familienkonzert Romeo &#038; Julia 29. Mai, 18.30 Uhr &#038;  Donnerstag, 30. Mai 2013, 11.00 Uhr"},"content":{"rendered":"<p>Am Mittwoch, 29. Mai, 18.30 Uhr, und am Donnerstag, 30. Mai 2013, 11.00 Uhr, findet im Gro\u00dfes Haus des Theasters L\u00fcbeck das\u00a04. Kinder-, Jugend- und Familienkonzert Romeo &amp; Julia statt.<!--more-->Dieses Musikerlebnis ist f\u00fcr junge Romantiker ab 10 Jahren gedacht.: Es werden Ausz\u00fcge aus den drei Suiten \u00bbRomeo und Julia\u00ab von Sergej Prokofjew dargeboten.<\/p>\n<p>Romeo und Julia \u2013 das ber\u00fchmteste Liebespaar der Theatergeschichte war f\u00fcr viele Komponisteneine ergiebige Inspirationsquelle. Sergej Prokofjew hat Shakespeares Drama von der verbotenen\u00a0Beziehung der beiden jungen Liebenden aus Verona als Ballett vertont. F\u00fcr den Konzertsaal\u00a0stellte Prokofjew drei Suiten aus Motiven des Balletts zusammen, die farbenreich und\u00a0gef\u00fchlsstark alle Facetten der Geschichte nachzeichnen. Leidenschaft, Schmerz, Hoffnung und\u00a0Wut bestimmen die Gef\u00fchlswelt von Romeo und Julia, deren Liebe st\u00e4rker ist als alle\u00a0Widerst\u00e4nde, die ihnen ihre verfeindeten Familien entgegensetzen.Erst durch den tragischen Tod\u00a0des Paares erkennen die Eltern ihre Mitschuld und sind bereit zur lang erhofften Vers\u00f6hnung.<\/p>\n<p>In Prokofjews Musiksprache flie\u00dfen Elemente der musikalischen Klassik und des Expressionismus ebenso ein wie verschiedene Tanzstile und Ausdrucksmittel der Filmmusik: Starke T\u00f6ne f\u00fcr gro\u00dfe Gef\u00fchle im 4. Kinder-, Jugend- und Familienkonzert!<\/p>\n<p>Konzeption und Moderation Christian Schruff<br \/>\nDirigent Ludwig Pflanz<\/p>\n<p><strong>Termin Mi, 29\/05, 18.30 Uhr<\/strong><br \/>\n<strong>Weiterer Termin Do, 30\/05, 11.00 Uhr<\/strong><br \/>\n<strong>Veranstaltungsort Theater L\u00fcbeck, Gro\u00dfes Haus<\/strong><\/p>\n<p>Mit freundlicher Unterst\u00fctzung der Philharmonischen Gesellschaft \/ L\u00fcbecker Philharmoniker e.V.<\/p>\n","protected":false},"excerpt":{"rendered":"<p>Am Mittwoch, 29. Mai, 18.30 Uhr, und am Donnerstag, 30. Mai 2013, 11.00 Uhr, findet im Gro\u00dfes Haus des Theasters<\/p>\n","protected":false},"author":3,"featured_media":0,"comment_status":"open","ping_status":"open","sticky":false,"template":"","format":"standard","meta":{"colormag_page_container_layout":"default_layout","colormag_page_sidebar_layout":"default_layout","footnotes":""},"categories":[13],"tags":[],"class_list":["post-86571","post","type-post","status-publish","format-standard","hentry","category-veranstaltungen"],"_links":{"self":[{"href":"https:\/\/hier-luebeck.de\/index.php\/wp-json\/wp\/v2\/posts\/86571","targetHints":{"allow":["GET"]}}],"collection":[{"href":"https:\/\/hier-luebeck.de\/index.php\/wp-json\/wp\/v2\/posts"}],"about":[{"href":"https:\/\/hier-luebeck.de\/index.php\/wp-json\/wp\/v2\/types\/post"}],"author":[{"embeddable":true,"href":"https:\/\/hier-luebeck.de\/index.php\/wp-json\/wp\/v2\/users\/3"}],"replies":[{"embeddable":true,"href":"https:\/\/hier-luebeck.de\/index.php\/wp-json\/wp\/v2\/comments?post=86571"}],"version-history":[{"count":1,"href":"https:\/\/hier-luebeck.de\/index.php\/wp-json\/wp\/v2\/posts\/86571\/revisions"}],"predecessor-version":[{"id":86572,"href":"https:\/\/hier-luebeck.de\/index.php\/wp-json\/wp\/v2\/posts\/86571\/revisions\/86572"}],"wp:attachment":[{"href":"https:\/\/hier-luebeck.de\/index.php\/wp-json\/wp\/v2\/media?parent=86571"}],"wp:term":[{"taxonomy":"category","embeddable":true,"href":"https:\/\/hier-luebeck.de\/index.php\/wp-json\/wp\/v2\/categories?post=86571"},{"taxonomy":"post_tag","embeddable":true,"href":"https:\/\/hier-luebeck.de\/index.php\/wp-json\/wp\/v2\/tags?post=86571"}],"curies":[{"name":"wp","href":"https:\/\/api.w.org\/{rel}","templated":true}]}}