{"id":86573,"date":"2013-05-23T18:37:24","date_gmt":"2013-05-23T16:37:24","guid":{"rendered":"http:\/\/www.hier-luebeck.de\/?p=86573"},"modified":"2013-05-23T18:37:24","modified_gmt":"2013-05-23T16:37:24","slug":"theater-lubeck-gastspiel-fips-asmussen-humor-power-nonstop","status":"publish","type":"post","link":"https:\/\/hier-luebeck.de\/index.php\/theater-lubeck-gastspiel-fips-asmussen-humor-power-nonstop\/","title":{"rendered":"Theater L\u00fcbeck : GASTSPIEL Fips Asmussen Humor-Power Nonstop"},"content":{"rendered":"<p>Humor-Power Nonstop:\u00a0Politisch \u2013 Satirisch \u2013 Witzig: So pr\u00e4sentiert sich das neue Programm 2013 von Fips Asmussen am\u00a0Mittwoch, 29. Mai 2013, 20.00 Uhr, in den Kammerspielen<!--more-->Fips Asmussen &#8211; eine Institution in Sachen Humor.<\/p>\n<p>Er gilt als der Vater aller Stand Up Comedians. Seit \u00fcber 30 Jahren ohne Doublette. Politisch,\u00a0satirisch, witzig. Die ARD-Fernsehzuschauer haben Fips Asmussen zu einem der beliebtesten\u00a0Komiker in Deutschland gew\u00e4hlt. Wer Fips Asmussen in seiner 3 Std.-Live-Show erlebt hat, sagt:\u00a0\u00bbEinfach gut! Das macht ihm in Deutschland keiner nach\u00ab.<\/p>\n<p>Er gastiert regelm\u00e4\u00dfig in allen\u00a0bekannten Kabaretts und ist st\u00e4ndiger Gast auf allen Radio- und TV-Kan\u00e4len. Fips Asmussen &#8211;\u00a0immer neu, immer aktuell!<\/p>\n<p>Das \u00bbgut ge\u00f6lte Mundwerk aus dem Norden\u00ab ist eine gigantische Humormaschine, die Pointen-Dauerfeuer im 30 Sekunden-Takt produziert. Jeder Gag ein kleines Kunstwerk, Wortkaskaden\u00a0und messerscharfe Pointen. Seine Fans sind zwischen 12 und 80 Jahren. Fips Asmussen &#8211; der\u00a0Gottvater des Humors hat in seiner Karriere \u00fcber 7 Millionen Tontr\u00e4ger verkauft und bekam daf\u00fcr\u00a01 Platin- und 3 Goldene Schallplatten.<\/p>\n<p>Er ist bekannt wie ein bunter Hund. Ein Volksk\u00fcnstler, ein\u00a0Possenrei\u00dfer mit Gr\u00fctze im Kopf. Man muss ihn einfach live auf der B\u00fchne erlebt haben.<\/p>\n<p><a href=\"http:\/\/www. fipsassmussen.de\" target=\"_blank\">www. fipsassmussen.de<\/a><br \/>\n<strong>Termin\u00a0<\/strong> Mi, 29\/05, 20.00 Uhr \u00a0 \u00a0\u00a0<strong>Veranstaltungsort:\u00a0<\/strong> Theater L\u00fcbeck, Kammerspiele<\/p>\n","protected":false},"excerpt":{"rendered":"<p>Humor-Power Nonstop:\u00a0Politisch \u2013 Satirisch \u2013 Witzig: So pr\u00e4sentiert sich das neue Programm 2013 von Fips Asmussen am\u00a0Mittwoch, 29. Mai 2013,<\/p>\n","protected":false},"author":3,"featured_media":0,"comment_status":"open","ping_status":"open","sticky":false,"template":"","format":"standard","meta":{"colormag_page_container_layout":"default_layout","colormag_page_sidebar_layout":"default_layout","footnotes":""},"categories":[13],"tags":[],"class_list":["post-86573","post","type-post","status-publish","format-standard","hentry","category-veranstaltungen"],"_links":{"self":[{"href":"https:\/\/hier-luebeck.de\/index.php\/wp-json\/wp\/v2\/posts\/86573","targetHints":{"allow":["GET"]}}],"collection":[{"href":"https:\/\/hier-luebeck.de\/index.php\/wp-json\/wp\/v2\/posts"}],"about":[{"href":"https:\/\/hier-luebeck.de\/index.php\/wp-json\/wp\/v2\/types\/post"}],"author":[{"embeddable":true,"href":"https:\/\/hier-luebeck.de\/index.php\/wp-json\/wp\/v2\/users\/3"}],"replies":[{"embeddable":true,"href":"https:\/\/hier-luebeck.de\/index.php\/wp-json\/wp\/v2\/comments?post=86573"}],"version-history":[{"count":1,"href":"https:\/\/hier-luebeck.de\/index.php\/wp-json\/wp\/v2\/posts\/86573\/revisions"}],"predecessor-version":[{"id":86574,"href":"https:\/\/hier-luebeck.de\/index.php\/wp-json\/wp\/v2\/posts\/86573\/revisions\/86574"}],"wp:attachment":[{"href":"https:\/\/hier-luebeck.de\/index.php\/wp-json\/wp\/v2\/media?parent=86573"}],"wp:term":[{"taxonomy":"category","embeddable":true,"href":"https:\/\/hier-luebeck.de\/index.php\/wp-json\/wp\/v2\/categories?post=86573"},{"taxonomy":"post_tag","embeddable":true,"href":"https:\/\/hier-luebeck.de\/index.php\/wp-json\/wp\/v2\/tags?post=86573"}],"curies":[{"name":"wp","href":"https:\/\/api.w.org\/{rel}","templated":true}]}}