{"id":86577,"date":"2013-05-23T18:57:59","date_gmt":"2013-05-23T16:57:59","guid":{"rendered":"http:\/\/www.hier-luebeck.de\/?p=86577"},"modified":"2013-05-23T18:59:20","modified_gmt":"2013-05-23T16:59:20","slug":"wsp-sh-68-jahrige-franzosin-mit-schlagring-am-ostseeterminal","status":"publish","type":"post","link":"https:\/\/hier-luebeck.de\/index.php\/wsp-sh-68-jahrige-franzosin-mit-schlagring-am-ostseeterminal\/","title":{"rendered":"WSP-SH: 68-j\u00e4hrige Franz\u00f6sin mit Schlagring am Ostseeterminal"},"content":{"rendered":"<div><strong>WSP-SH: 68-j\u00e4hrige Franz\u00f6sin mit Schlagring am Ostseeterminal<\/strong> &#8211; 23.05.2013 &#8211; 18:00 Uhr, Wasserschutzpolizei Schleswig-Holstein &#8211; Kiel &#8211; Ostseeterminal (ots) &#8211; Am Donnerstag, 23.05.2013, wurde bei der Check In Kontrolle des MS &#8222;Costa Pazifica&#8220; am Ostseeterminal, ein Schlagring im Handgep\u00e4ck einer 68-j\u00e4hrigen Franz\u00f6sin festgestellt. Der Schlagring und eine Sicherheitsleistung i.H.v. 200,-EUR wurden eingezogen. Eine Strafanzeige wegen des Versto\u00dfes gegen das Waffengesetz wird gefertigt.<\/div>\n","protected":false},"excerpt":{"rendered":"<p>WSP-SH: 68-j\u00e4hrige Franz\u00f6sin mit Schlagring am Ostseeterminal &#8211; 23.05.2013 &#8211; 18:00 Uhr, Wasserschutzpolizei Schleswig-Holstein &#8211; Kiel &#8211; Ostseeterminal (ots) &#8211;<\/p>\n","protected":false},"author":3,"featured_media":0,"comment_status":"open","ping_status":"open","sticky":false,"template":"","format":"standard","meta":{"colormag_page_container_layout":"default_layout","colormag_page_sidebar_layout":"default_layout","footnotes":""},"categories":[1527],"tags":[10823],"class_list":["post-86577","post","type-post","status-publish","format-standard","hentry","category-blaulicht","tag-wsp-sh-68-jahrige-franzosin-mit-schlagring-am-ostseeterminal"],"_links":{"self":[{"href":"https:\/\/hier-luebeck.de\/index.php\/wp-json\/wp\/v2\/posts\/86577","targetHints":{"allow":["GET"]}}],"collection":[{"href":"https:\/\/hier-luebeck.de\/index.php\/wp-json\/wp\/v2\/posts"}],"about":[{"href":"https:\/\/hier-luebeck.de\/index.php\/wp-json\/wp\/v2\/types\/post"}],"author":[{"embeddable":true,"href":"https:\/\/hier-luebeck.de\/index.php\/wp-json\/wp\/v2\/users\/3"}],"replies":[{"embeddable":true,"href":"https:\/\/hier-luebeck.de\/index.php\/wp-json\/wp\/v2\/comments?post=86577"}],"version-history":[{"count":3,"href":"https:\/\/hier-luebeck.de\/index.php\/wp-json\/wp\/v2\/posts\/86577\/revisions"}],"predecessor-version":[{"id":86581,"href":"https:\/\/hier-luebeck.de\/index.php\/wp-json\/wp\/v2\/posts\/86577\/revisions\/86581"}],"wp:attachment":[{"href":"https:\/\/hier-luebeck.de\/index.php\/wp-json\/wp\/v2\/media?parent=86577"}],"wp:term":[{"taxonomy":"category","embeddable":true,"href":"https:\/\/hier-luebeck.de\/index.php\/wp-json\/wp\/v2\/categories?post=86577"},{"taxonomy":"post_tag","embeddable":true,"href":"https:\/\/hier-luebeck.de\/index.php\/wp-json\/wp\/v2\/tags?post=86577"}],"curies":[{"name":"wp","href":"https:\/\/api.w.org\/{rel}","templated":true}]}}