{"id":86578,"date":"2013-05-23T18:59:50","date_gmt":"2013-05-23T16:59:50","guid":{"rendered":"http:\/\/www.hier-luebeck.de\/?p=86578"},"modified":"2013-05-23T19:00:55","modified_gmt":"2013-05-23T17:00:55","slug":"theaterinformation-vom-27-mai-bis-09-juni-2013","status":"publish","type":"post","link":"https:\/\/hier-luebeck.de\/index.php\/theaterinformation-vom-27-mai-bis-09-juni-2013\/","title":{"rendered":"Theaterinformation vom 27. Mai bis 09. Juni 2013"},"content":{"rendered":"<p>Mo 27\/05\u00a0\u00a0\u00a0\u00a0\u00a0\u00a0\u00a0 20.00 Uhr\u00a0 MuK<br \/>\n9. Sinfoniekonzert\u00a0\u00a0 Klingendes Fresko. Paris. \u00c9l\u00e9gance<br \/>\nWerke von Laurent Petitgirard, Camille Saint-Sa\u00ebns, Maurice Ravel und Marius<br \/>\nConstant\u00a0\u00a0\u00a0 (Einf\u00fchrung eine Stunde vor Konzertbeginn)<!--more-->Di 28\/05\u00a0\u00a0\u00a0\u00a0\u00a0\u00a0\u00a0\u00a0\u00a0 20.00 Uhr Kammerspiele<br \/>\nGASTSPIEL\u00a0\u00a0 Niederdeutsche B\u00fchne L\u00fcbeck<br \/>\nSluderkraam in\u2019t Treppenhuus<br \/>\nvon Jens Exler<\/p>\n<p>Mi 29\/05\u00a0\u00a0\u00a0\u00a0\u00a0\u00a0\u00a0\u00a0 18.30 Uhr\u00a0 Gro\u00dfes Haus<br \/>\nFAMILIENVORSTELLUNG\u00a0 4. Kinder-, Jugend- und Familienkonzert<br \/>\nRomeo &amp; Julia<br \/>\nF\u00fcr junge Romantiker ab 10 Jahren<\/p>\n<p>Do 30\/05\u00a0\u00a0\u00a0\u00a0\u00a0\u00a0\u00a0 \u00a011.00 Uhr\u00a0 Gro\u00dfes Haus<br \/>\nSCHULVORSTELLUNG\u00a0 4. Kinder-, Jugend- und Familienkonzert<br \/>\nRomeo &amp; Julia<br \/>\nF\u00fcr junge Romantiker ab 10 Jahren<\/p>\n<p>19.30 Uhr\u00a0 Gro\u00dfes Haus<br \/>\nTha\u00efs \u00a0Com\u00e9die-lyrique in drei Akten von Jules Massenet. Text von Louis Marie<br \/>\nAlexandre Gallet nach dem Roman von Anatole France.<\/p>\n<p>20.00 Uhr\u00a0 Kammerspiele THEATERTAG<\/p>\n<p>Liebe und Rebellion Das Live-Konzert!<br \/>\n10,&#8211; Euro Eintritt auf allen Pl\u00e4tzen<br \/>\nFr 31\/05\u00a0\u00a0\u00a0\u00a0\u00a019.00 Uhr\u00a0 Junges Studio<\/p>\n<p>K\u00fcstenkinder<br \/>\nEin Projekt mit Mitgliedern des Jugendclubs des Theater L\u00fcbeck<\/p>\n<p>19.30 Uhr \u00a0\u00a0Gro\u00dfes Haus<br \/>\nZUM LETZTEN MAL\u00a0\u00a0 Der Nussknacker<br \/>\nBallettfeerie in zwei Akten von Pjotr Iljitsch Tschaikowski<br \/>\n(Einf\u00fchrung um 19.00 Uhr im Mittelrangfoyer)<\/p>\n<p>20.00 Uhr Kammerspiele<br \/>\nThe Rocky Horror Show<br \/>\nvon Richard O\u2019Brien<\/p>\n<p>20.00 Uhr\u00a0 Buntekauf<\/p>\n<p>SONDERVERANSTALTUNG Actor\u2019s Studio:<br \/>\nLicht, Luft und Likedeeler<br \/>\nAusflug von der Altstadt mit J\u00f6rn Kolpe<\/p>\n<p>Sa 01\/06\u00a0\u00a0\u00a0\u00a0\u00a0\u00a0\u00a0\u00a0 19.30 Uhr Gro\u00dfes Haus<br \/>\nMacbetto<br \/>\nMelodramma in vier Akten von Giuseppe Verdi<br \/>\nText von Francesco Maria Piave und Andrea Maffei nach Shakespeare.<\/p>\n<p>20.00 Uhr\u00a0 Kammerspiele<br \/>\nZUM LETZTEN MAL IN DIESER SPIELZEIT<br \/>\nJohnny Cash: Die Reise des Orpheus<br \/>\nFassung f\u00fcr das Theater L\u00fcbeck von Michael Wallner<\/p>\n<p>So 02\/06\u00a0\u00a0\u00a0\u00a0\u00a0\u00a0\u00a0\u00a0 18.00 Uhr\u00a0 Gro\u00dfes Haus<br \/>\nDie tote Stadt<br \/>\nOper in drei Bildern von Erich Wolfgang Korngold<\/p>\n<p>18.30 Uhr Kammerspiele<br \/>\nZUM LETZTEN MAL IN DIESER SPIELZEIT<br \/>\nRio Reiser \u2013 Der Kampf ums Paradies<br \/>\nEine deutsche Geschichte: \u00bbTon Steine Scherben\u00ab und Rio Reiser von<br \/>\nPit Holzwarth und Renato Gr\u00fcnig<\/p>\n<p>18.30 Uhr Junges Studio<br \/>\nGASTSPIEL\u00a0\u00a0 Str\u00f6mkarlen<br \/>\nFolkmusik aus Skandinavien. Neues Album \u00bbNu rinner solen up\u00ab<\/p>\n<p>20.00 Uhr Theaterrestaurant\u00a0 D\u00fclfer<br \/>\nFoyer-Quintett: Feat. Natasha Young (Voc)<br \/>\nDas Foyer-Quintett geht in die zweite Runde, mit ihrem Gast,<br \/>\nS\u00e4ngerin Natasha Young, pr\u00e4sentieren sie beliebte Jazz- und Soulklassiker<\/p>\n<p>Do 06\/06\u00a0\u00a0\u00a0\u00a0\u00a0\u00a0\u00a0 19.30 Uhr\u00a0 Gro\u00dfes Haus<br \/>\nMaria Stuart<br \/>\nEin Trauerspiel von Friedrich Schiller<\/p>\n<p>20.00 Uhr\u00a0 Kammerspiele<br \/>\nGASTSPIEL \u2013 Niederdeutsche B\u00fchne L\u00fcbeck<br \/>\nSluderkraam in\u2019t Treppenhuus<\/p>\n<p>Fr 07\/06\u00a0\u00a0\u00a0\u00a0\u00a0\u00a0\u00a0\u00a0 19.30 Uhr\u00a0 Gro\u00dfes Haus<br \/>\nZUM LETZTEN MAL\u00a0\u00a0 Macbetto<br \/>\nMelodramma in vier Akten von Giuseppe Verdi<br \/>\nText von Francesco Maria Piave und Andrea Maffei nach Shakespeare.<\/p>\n<p>20.00 Uhr\u00a0 Kammerspiele<br \/>\nLeonce und Lena<br \/>\nEin Lustspiel von Georg B\u00fcchner<\/p>\n<p>19.30 Uhr\u00a0 Gro\u00dfes Haus<br \/>\nZUM LETZTEN MAL IN DIESER SPIELZEIT\u00a0\u00a0\u00a0 Edith Piaf<br \/>\nvon Pit Holzwarth. Ein au\u00dfergew\u00f6hnlicher Abend \u00fcber ein au\u00dfergew\u00f6hnliches Leben<\/p>\n<p>So 09\/06\u00a0\u00a0\u00a0\u00a0\u00a016.00 Uhr\u00a0 Gro\u00dfes Haus<br \/>\nZUM LETZTEN MAL IN DIESER SPIELZEIT\u00a0\u00a0\u00a0 Idomeneo<br \/>\nDramma per musica in drei Akten von Wolfgang Amadeus Mozart.<br \/>\nText von Giambattista Varesco<\/p>\n<p>18.30 Uhr\u00a0 Kammerspiele<br \/>\nThe Rocky Horror Show<br \/>\nvon Richard O\u2019Brien<\/p>\n","protected":false},"excerpt":{"rendered":"<p>Mo 27\/05\u00a0\u00a0\u00a0\u00a0\u00a0\u00a0\u00a0 20.00 Uhr\u00a0 MuK 9. Sinfoniekonzert\u00a0\u00a0 Klingendes Fresko. Paris. \u00c9l\u00e9gance Werke von Laurent Petitgirard, Camille Saint-Sa\u00ebns, Maurice Ravel und<\/p>\n","protected":false},"author":3,"featured_media":0,"comment_status":"open","ping_status":"open","sticky":false,"template":"","format":"standard","meta":{"colormag_page_container_layout":"default_layout","colormag_page_sidebar_layout":"default_layout","footnotes":""},"categories":[13],"tags":[],"class_list":["post-86578","post","type-post","status-publish","format-standard","hentry","category-veranstaltungen"],"_links":{"self":[{"href":"https:\/\/hier-luebeck.de\/index.php\/wp-json\/wp\/v2\/posts\/86578","targetHints":{"allow":["GET"]}}],"collection":[{"href":"https:\/\/hier-luebeck.de\/index.php\/wp-json\/wp\/v2\/posts"}],"about":[{"href":"https:\/\/hier-luebeck.de\/index.php\/wp-json\/wp\/v2\/types\/post"}],"author":[{"embeddable":true,"href":"https:\/\/hier-luebeck.de\/index.php\/wp-json\/wp\/v2\/users\/3"}],"replies":[{"embeddable":true,"href":"https:\/\/hier-luebeck.de\/index.php\/wp-json\/wp\/v2\/comments?post=86578"}],"version-history":[{"count":2,"href":"https:\/\/hier-luebeck.de\/index.php\/wp-json\/wp\/v2\/posts\/86578\/revisions"}],"predecessor-version":[{"id":86584,"href":"https:\/\/hier-luebeck.de\/index.php\/wp-json\/wp\/v2\/posts\/86578\/revisions\/86584"}],"wp:attachment":[{"href":"https:\/\/hier-luebeck.de\/index.php\/wp-json\/wp\/v2\/media?parent=86578"}],"wp:term":[{"taxonomy":"category","embeddable":true,"href":"https:\/\/hier-luebeck.de\/index.php\/wp-json\/wp\/v2\/categories?post=86578"},{"taxonomy":"post_tag","embeddable":true,"href":"https:\/\/hier-luebeck.de\/index.php\/wp-json\/wp\/v2\/tags?post=86578"}],"curies":[{"name":"wp","href":"https:\/\/api.w.org\/{rel}","templated":true}]}}