{"id":86595,"date":"2013-05-23T19:27:25","date_gmt":"2013-05-23T17:27:25","guid":{"rendered":"http:\/\/www.hier-luebeck.de\/?p=86595"},"modified":"2013-05-23T19:27:25","modified_gmt":"2013-05-23T17:27:25","slug":"fdp-grune-eiern-wie-immer-rum","status":"publish","type":"post","link":"https:\/\/hier-luebeck.de\/index.php\/fdp-grune-eiern-wie-immer-rum\/","title":{"rendered":"FDP: Gr\u00fcne eiern wie immer rum."},"content":{"rendered":"<p>Im April diesen Jahres kritisierten die Gr\u00fcnen die FDP wegen ihres Standpunktes zur Rekommunalisierung der Stadtwerke als unseri\u00f6s. Der Spitzenkandidat k\u00fcndigte gro\u00dfspurig eine Entscheidung, vor der Kommunalwahl, zu diesem Thema auf einem Sonderparteitag am 17. Mai an. <!--more-->In der jetzt ver\u00f6ffentlichten Presseerkl\u00e4rung kann jeder erfahren, dass eine Entscheidung auf dem Parteitag f\u00fcr oder gegen die Rekommunalisierung der Stadtwerke nicht gefallen ist. Aber das Verhalten ist f\u00fcr die L\u00fcbeckerinnen und L\u00fcbecker nichts Neues. Dieses hin und her gr\u00fcner Politik konnte in den letzen Jahren immer wieder festgestellt werden. Als Beispiele seien die merkw\u00fcrdigen Entscheidungen zum Gr\u00fcnstrand und zur KaiLine auf der n\u00f6rdlichen Wallhalbinsel in Erinnerung gerufen. Mal ja, dann vielleicht, und zum Schluss dann nein. Verl\u00e4sslichkeit \u2013 ein Motto der FDP \u2013 ist bei den Gr\u00fcnen weit weg von der Realit\u00e4t. \u201eEs bleibt zu hoffen, dass die Abfrage\u00a0 der Stimmungslage vom letzten Wochenende nicht Realit\u00e4t wird. Das w\u00fcrde L\u00fcbecks Entwicklung, mit einer Rot-Gr\u00fcnen Mehrheit, erheblich schaden. Wir hoffen, dass die W\u00e4hlerinnen und W\u00e4hler daf\u00fcr sorgen, dass diese wankelm\u00fctige Politik nicht auch nach der Kommunalwahl ertragen werden muss, damit es mit L\u00fcbeck vorw\u00e4rts gehen kann\u201c, \u00e4u\u00dfert sich der FDP-Spitzenkandidat Thomas Rathcke besorgt.<\/p>\n","protected":false},"excerpt":{"rendered":"<p>Im April diesen Jahres kritisierten die Gr\u00fcnen die FDP wegen ihres Standpunktes zur Rekommunalisierung der Stadtwerke als unseri\u00f6s. Der Spitzenkandidat<\/p>\n","protected":false},"author":3,"featured_media":0,"comment_status":"open","ping_status":"open","sticky":false,"template":"","format":"standard","meta":{"colormag_page_container_layout":"default_layout","colormag_page_sidebar_layout":"default_layout","footnotes":""},"categories":[5],"tags":[10830,10831,1022,216,8813,10832,6176],"class_list":["post-86595","post","type-post","status-publish","format-standard","hentry","category-politik-wirtschaft","tag-10830","tag-eiern","tag-fdp","tag-grune","tag-immer","tag-rum","tag-wie"],"_links":{"self":[{"href":"https:\/\/hier-luebeck.de\/index.php\/wp-json\/wp\/v2\/posts\/86595","targetHints":{"allow":["GET"]}}],"collection":[{"href":"https:\/\/hier-luebeck.de\/index.php\/wp-json\/wp\/v2\/posts"}],"about":[{"href":"https:\/\/hier-luebeck.de\/index.php\/wp-json\/wp\/v2\/types\/post"}],"author":[{"embeddable":true,"href":"https:\/\/hier-luebeck.de\/index.php\/wp-json\/wp\/v2\/users\/3"}],"replies":[{"embeddable":true,"href":"https:\/\/hier-luebeck.de\/index.php\/wp-json\/wp\/v2\/comments?post=86595"}],"version-history":[{"count":1,"href":"https:\/\/hier-luebeck.de\/index.php\/wp-json\/wp\/v2\/posts\/86595\/revisions"}],"predecessor-version":[{"id":86596,"href":"https:\/\/hier-luebeck.de\/index.php\/wp-json\/wp\/v2\/posts\/86595\/revisions\/86596"}],"wp:attachment":[{"href":"https:\/\/hier-luebeck.de\/index.php\/wp-json\/wp\/v2\/media?parent=86595"}],"wp:term":[{"taxonomy":"category","embeddable":true,"href":"https:\/\/hier-luebeck.de\/index.php\/wp-json\/wp\/v2\/categories?post=86595"},{"taxonomy":"post_tag","embeddable":true,"href":"https:\/\/hier-luebeck.de\/index.php\/wp-json\/wp\/v2\/tags?post=86595"}],"curies":[{"name":"wp","href":"https:\/\/api.w.org\/{rel}","templated":true}]}}