{"id":8660,"date":"2009-07-28T14:40:52","date_gmt":"2009-07-28T14:40:52","guid":{"rendered":"http:\/\/testserver\/wordpress\/?p=8560"},"modified":"2009-07-28T14:40:52","modified_gmt":"2009-07-28T14:40:52","slug":"mit_mindestlhnen_zu_mehr_nachfrage_und_beschftigung__hillerohm_geringverdienende_und_rentner_profitieren","status":"publish","type":"post","link":"https:\/\/hier-luebeck.de\/index.php\/mit_mindestlhnen_zu_mehr_nachfrage_und_beschftigung__hillerohm_geringverdienende_und_rentner_profitieren\/","title":{"rendered":"Mit Mindestl\u00f6hnen zu mehr Nachfrage und Besch\u00e4ftigung &#8211; Hiller-Ohm: Geringverdienende und Rentner profitieren"},"content":{"rendered":"<p><img decoding=\"async\" title=\"Hiller-Ohm-08\" src=\"http:\/\/www.hier-luebeck.de\/images\/topics\/Hiller-Ohm-08.jpg\" alt=\"Hiller-Ohm-08\" \/><br \/>\nRund vier Millionen Arbeitnehmerinnen und Arbeitnehmer mit Vollzeitarbeitsstelle und etwa f\u00fcnf Millionen Teilzeitbesch\u00e4ftigte w\u00fcrden gegenw\u00e4rtig von einem gesetzlichen Mindestlohn von 7,50 Euro deutlich profitieren. Zu diesem Schluss kommt ein von der Dienstleistungsgewerkschaft ver.di in Auftrag gegebenes Gutachten des Instituts Econometrics. Bei Einf\u00fchrung des Mindestlohns ab 2010 und einer Anhebung auf 9 Euro ab 2011 k\u00f6nnte die Binnennachfrage so weit gesteigert werden, dass kurzfristig bis zu 225.000 neue Arbeitspl\u00e4tze entstehen w\u00fcrden.<!--more-->Die L\u00fcbecker Bundestagsabgeordnete Gabriele Hiller-Ohm (SPD), Mitglied im Ausschuss f\u00fcr Arbeit und Soziales, zeigt sich \u00fcber die Ergebnisse des Gutachtens sehr erfreut: &#8222;Geringverdienende und Rentner profitieren ganz besonders, denn auch die Ruhestandsbez\u00fcge erh\u00f6hen sich durch steigende Bruttol\u00f6hne. Die Arbeitnehmerinnen und Arbeitnehmer brauchen zudem einen finanziellen Schutzschirm, den nur ein gesetzlicher Mindestlohn bieten kann.&#8220;<\/p>\n<p>Gesetzliche Mindestl\u00f6hne sind europaweit auf dem Vormarsch: Zum Beispiel f\u00fchrte die Labour-Regierung 1999 in Gro\u00dfbritannien einen gesetzlichen Mindestlohn ein, der heute bei umgerechnet 7,20 Euro liegt. Negative Effekte auf die Besch\u00e4ftigtenzahlen blieben aus. &#8222;Das vorliegende Gutachten rechnet sogar mit einem Arbeitsplatzzuwachs: Die weltweite Wirtschafts- und Finanzmarktkrise dr\u00fcckt auf die Exportwirtschaft. Mindestl\u00f6hne tragen dazu bei, die Binnennachfrage anzuregen. So bleiben Jobs nicht nur erhalten, sondern es kommen auch neue Arbeitspl\u00e4tze hinzu&#8220;, erkl\u00e4rt Hiller-Ohm.<\/p>\n<p>Bislang gibt es in Deutschland zudem rund 1,3 Million Besch\u00e4ftigte, die als sogenannte &#8222;Aufstocker&#8220; erg\u00e4nzendes Arbeitslosengeld II erhalten. Transferleistungen an Arbeitnehmerinnen und Arbeitnehmer w\u00fcrden so zumindest bei Vollzeitstellen der Vergangenheit angeh\u00f6ren und auch die Sozialkassen wirksam entlasten.<\/p>\n","protected":false},"excerpt":{"rendered":"<p>Rund vier Millionen Arbeitnehmerinnen und Arbeitnehmer mit Vollzeitarbeitsstelle und etwa f\u00fcnf Millionen Teilzeitbesch\u00e4ftigte w\u00fcrden gegenw\u00e4rtig von einem gesetzlichen Mindestlohn von<\/p>\n","protected":false},"author":3,"featured_media":0,"comment_status":"open","ping_status":"open","sticky":false,"template":"","format":"standard","meta":{"colormag_page_container_layout":"default_layout","colormag_page_sidebar_layout":"default_layout","footnotes":""},"categories":[5],"tags":[],"class_list":["post-8660","post","type-post","status-publish","format-standard","hentry","category-politik-wirtschaft"],"_links":{"self":[{"href":"https:\/\/hier-luebeck.de\/index.php\/wp-json\/wp\/v2\/posts\/8660","targetHints":{"allow":["GET"]}}],"collection":[{"href":"https:\/\/hier-luebeck.de\/index.php\/wp-json\/wp\/v2\/posts"}],"about":[{"href":"https:\/\/hier-luebeck.de\/index.php\/wp-json\/wp\/v2\/types\/post"}],"author":[{"embeddable":true,"href":"https:\/\/hier-luebeck.de\/index.php\/wp-json\/wp\/v2\/users\/3"}],"replies":[{"embeddable":true,"href":"https:\/\/hier-luebeck.de\/index.php\/wp-json\/wp\/v2\/comments?post=8660"}],"version-history":[{"count":0,"href":"https:\/\/hier-luebeck.de\/index.php\/wp-json\/wp\/v2\/posts\/8660\/revisions"}],"wp:attachment":[{"href":"https:\/\/hier-luebeck.de\/index.php\/wp-json\/wp\/v2\/media?parent=8660"}],"wp:term":[{"taxonomy":"category","embeddable":true,"href":"https:\/\/hier-luebeck.de\/index.php\/wp-json\/wp\/v2\/categories?post=8660"},{"taxonomy":"post_tag","embeddable":true,"href":"https:\/\/hier-luebeck.de\/index.php\/wp-json\/wp\/v2\/tags?post=8660"}],"curies":[{"name":"wp","href":"https:\/\/api.w.org\/{rel}","templated":true}]}}